{"id":14801,"date":"2023-10-10T10:02:12","date_gmt":"2023-10-10T10:02:12","guid":{"rendered":"https:\/\/www.lartisien.com\/blog\/?p=14801"},"modified":"2023-10-18T14:51:16","modified_gmt":"2023-10-18T14:51:16","slug":"a-6-day-itinerary-to-mexico-city","status":"publish","type":"post","link":"https:\/\/www.lartisien.com\/blog\/a-6-day-itinerary-to-mexico-city\/","title":{"rendered":"A 6-day itinerary to Mexico City"},"content":{"rendered":"\n<p>Mexico City is a brilliant fusion of past and present. There is its ancestral Aztec heritage, which blends with a more contemporary vitality&#8230; a place where ultramodern skyscrapers blend with colonial architecture with disconcerting ease. Indigenous and European influences also give the city a rich, multi-faceted character that can only be fully appreciated through experiences of its architectural panorama, gastronomy, traditions and culture.<\/p>\n\n\n\n<p>Discover our itinerary to visit <a href=\"https:\/\/www.lartisien.com\/hotels\/mexico\/mexico-city\" target=\"_blank\" rel=\"noreferrer noopener\">Mexico City<\/a>&nbsp;in 6 days!<\/p>\n\n\n\n<h3>Day 1 in Mexico City<\/h3>\n\n\n\n<p>In the heart of Chapultepec Park, and overlooking Mexico City, Chapultepec Castle is an architectural marvel surrounded by sublime gardens. It offers a breathtaking impression of grandeur, once the summer residence of the royal family, and later transformed into a National Museum to honour the history of&nbsp;<a href=\"https:\/\/www.lartisien.com\/hotels\/mexico\" target=\"_blank\" rel=\"noreferrer noopener\">Mexico<\/a>. Its large, ornate halls house murals, weapons, paintings and other historical artefacts that trace the country&#8217;s past.<\/p>\n\n\n\r\n<section class=\"image-grid image-grid-3 sixty-forty-grid\">\r\n        <div class=\"image-container img-1\">\r\n        <picture class=\"img-1\">\n                <source srcset=\"https:\/\/www.lartisien.com\/blog\/wp-content\/uploads\/2023\/09\/Chapultepec-Castle_3.jpeg\" media=\"(min-width: 1400px)\">\n                <source srcset=\"https:\/\/www.lartisien.com\/blog\/wp-content\/uploads\/2023\/09\/Chapultepec-Castle_3-1536x1025.jpeg\" media=\"(min-width: 1000px)\">\n                <source srcset=\"https:\/\/www.lartisien.com\/blog\/wp-content\/uploads\/2023\/09\/Chapultepec-Castle_3-1024x683.jpeg\" media=\"(min-width: 600px)\">\n                <source srcset=\"https:\/\/www.lartisien.com\/blog\/wp-content\/uploads\/2023\/09\/Chapultepec-Castle_3-768x512.jpeg\" media=\"(min-width: 100px)\">\n                <img decoding=\"async\" style=\"\" loading=\"lazy\" class=\"img-1\" src=\"https:\/\/www.lartisien.com\/blog\/wp-content\/uploads\/2023\/09\/Chapultepec-Castle_3-1024x683.jpeg\" alt=\"\" \/>\n            <\/picture>    <\/div>\r\n        <div class=\"image-container img-2\">\r\n        <picture class=\"img-2\">\n                <source srcset=\"https:\/\/www.lartisien.com\/blog\/wp-content\/uploads\/2023\/09\/Chapultepec-Castle.jpeg\" media=\"(min-width: 1400px)\">\n                <source srcset=\"https:\/\/www.lartisien.com\/blog\/wp-content\/uploads\/2023\/09\/Chapultepec-Castle-1536x1025.jpeg\" media=\"(min-width: 1000px)\">\n                <source srcset=\"https:\/\/www.lartisien.com\/blog\/wp-content\/uploads\/2023\/09\/Chapultepec-Castle-1024x683.jpeg\" media=\"(min-width: 600px)\">\n                <source srcset=\"https:\/\/www.lartisien.com\/blog\/wp-content\/uploads\/2023\/09\/Chapultepec-Castle-768x512.jpeg\" media=\"(min-width: 100px)\">\n                <img decoding=\"async\" style=\"\" loading=\"lazy\" class=\"img-2\" src=\"https:\/\/www.lartisien.com\/blog\/wp-content\/uploads\/2023\/09\/Chapultepec-Castle-1024x683.jpeg\" alt=\"\" \/>\n            <\/picture>    <\/div>\r\n        <div class=\"image-container img-3\">\r\n        <picture class=\"img-3\">\n                <source srcset=\"https:\/\/www.lartisien.com\/blog\/wp-content\/uploads\/2023\/09\/Chapultepec-Castle_2.jpeg\" media=\"(min-width: 1400px)\">\n                <source srcset=\"https:\/\/www.lartisien.com\/blog\/wp-content\/uploads\/2023\/09\/Chapultepec-Castle_2-1024x1536.jpeg\" media=\"(min-width: 1000px)\">\n                <source srcset=\"https:\/\/www.lartisien.com\/blog\/wp-content\/uploads\/2023\/09\/Chapultepec-Castle_2-683x1024.jpeg\" media=\"(min-width: 600px)\">\n                <source srcset=\"https:\/\/www.lartisien.com\/blog\/wp-content\/uploads\/2023\/09\/Chapultepec-Castle_2-768x1152.jpeg\" media=\"(min-width: 100px)\">\n                <img decoding=\"async\" style=\"\" loading=\"lazy\" class=\"img-3\" src=\"https:\/\/www.lartisien.com\/blog\/wp-content\/uploads\/2023\/09\/Chapultepec-Castle_2-683x1024.jpeg\" alt=\"\" \/>\n            <\/picture>    <\/div>\r\n    <\/section>\r\n\n\n<section class=\"important-information\">\r\n    <p class=\"p--4 important-information-header\"><\/p>\r\n    <div class=\"p--5 important-information-content\"><p><b>Address: <\/b>Bosque de Chapultepec I Secc, Miguel Hidalgo, 11580 Mexico City.<\/p>\n<p><strong>Opening hours: <\/strong>Every day except Monday &#8211; 9am to 5pm.<\/p>\n<\/div>\r\n<\/section>\n\n\n<h3>The Angel of Independence<\/h3>\n\n\n\n<p>Just a 30-minute walk away, on Reforma Avenue, travellers can find the Angel of Independence, designed by Mexican architect Antonio Rivas Mercado and for which he drew inspiration from the great European columns. This is probably why the 35-metre column is reminiscent of the one on Place Vend\u00f4me in&nbsp;<a href=\"https:\/\/www.lartisien.com\/hotels\/france\/paris\" target=\"_blank\" rel=\"noreferrer noopener\">Paris<\/a>. The dominating angel, made of gold-coated bronze, holds a laurel wreath in one hand and a broken chain in the other, symbolizing the end of Spanish rule over Mexico.<\/p>\n\n\n\r\n<section class=\"image-grid image-grid-1 forty-sixty-grid\">\r\n        <div class=\"image-container img-1\">\r\n        <picture class=\"img-1\">\n                <source srcset=\"https:\/\/www.lartisien.com\/blog\/wp-content\/uploads\/2023\/10\/AdobeStock_479033836.jpeg\" media=\"(min-width: 1400px)\">\n                <source srcset=\"https:\/\/www.lartisien.com\/blog\/wp-content\/uploads\/2023\/10\/AdobeStock_479033836-1536x1023.jpeg\" media=\"(min-width: 1000px)\">\n                <source srcset=\"https:\/\/www.lartisien.com\/blog\/wp-content\/uploads\/2023\/10\/AdobeStock_479033836-1024x682.jpeg\" media=\"(min-width: 600px)\">\n                <source srcset=\"https:\/\/www.lartisien.com\/blog\/wp-content\/uploads\/2023\/10\/AdobeStock_479033836-768x511.jpeg\" media=\"(min-width: 100px)\">\n                <img decoding=\"async\" style=\"\" loading=\"lazy\" class=\"img-1\" src=\"https:\/\/www.lartisien.com\/blog\/wp-content\/uploads\/2023\/10\/AdobeStock_479033836-1024x682.jpeg\" alt=\"\" \/>\n            <\/picture>    <\/div>\r\n    <\/section>\r\n\n\n<section class=\"important-information\">\r\n    <p class=\"p--4 important-information-header\"><\/p>\r\n    <div class=\"p--5 important-information-content\"><p><b>Address: <\/b>Av. P.\u00ba de la Reforma, Ju\u00e1rez, Cuauht\u00e9moc, 06600 Ciudad de M\u00e9xico, CDMX.<\/p>\n<\/div>\r\n<\/section>\n\n\n<h3>Lunch at Lorea<\/h3>\n\n\n\n<p>From the Angel of Independence, it&#8217;s a 15-minute walk to Lorea, a restaurant by chef Oswaldo Oliva. Behind a discreet entrance, discover a contemporary black and wood dining room with an open kitchen. After apprenticing in Michelin-starred restaurants all over the world, chef Oswaldo Oliva returned to his Mexican roots and launched Lorea, which he describes as his project of a lifetime. Through an 8-course tasting menu, he invites diners to discover the richness of Mexican cuisine, offering classic food and wine pairings, encompassing distillates and ferments.<\/p>\n\n\n\r\n<section class=\"image-grid image-grid-3 sixty-forty-grid\">\r\n        <div class=\"image-container img-1\">\r\n        <picture class=\"img-1\">\n                <source srcset=\"https:\/\/www.lartisien.com\/blog\/wp-content\/uploads\/2023\/10\/IMMERSION_CHEF_OSWALDO20OLIVA_JPG203-1.jpg\" media=\"(min-width: 1400px)\">\n                <source srcset=\"https:\/\/www.lartisien.com\/blog\/wp-content\/uploads\/2023\/10\/IMMERSION_CHEF_OSWALDO20OLIVA_JPG203-1.jpg\" media=\"(min-width: 1000px)\">\n                <source srcset=\"https:\/\/www.lartisien.com\/blog\/wp-content\/uploads\/2023\/10\/IMMERSION_CHEF_OSWALDO20OLIVA_JPG203-1.jpg\" media=\"(min-width: 600px)\">\n                <source srcset=\"https:\/\/www.lartisien.com\/blog\/wp-content\/uploads\/2023\/10\/IMMERSION_CHEF_OSWALDO20OLIVA_JPG203-1-768x671.jpg\" media=\"(min-width: 100px)\">\n                <img decoding=\"async\" style=\"\" loading=\"lazy\" class=\"img-1\" src=\"https:\/\/www.lartisien.com\/blog\/wp-content\/uploads\/2023\/10\/IMMERSION_CHEF_OSWALDO20OLIVA_JPG203-1.jpg\" alt=\"\" \/>\n            <\/picture>    <\/div>\r\n        <div class=\"image-container img-2\">\r\n        <picture class=\"img-2\">\n                <source srcset=\"https:\/\/www.lartisien.com\/blog\/wp-content\/uploads\/2023\/10\/lorea-experiencia-culinaria-para-paladares-abiertos-03.jpg\" media=\"(min-width: 1400px)\">\n                <source srcset=\"https:\/\/www.lartisien.com\/blog\/wp-content\/uploads\/2023\/10\/lorea-experiencia-culinaria-para-paladares-abiertos-03.jpg\" media=\"(min-width: 1000px)\">\n                <source srcset=\"https:\/\/www.lartisien.com\/blog\/wp-content\/uploads\/2023\/10\/lorea-experiencia-culinaria-para-paladares-abiertos-03-1024x767.jpg\" media=\"(min-width: 600px)\">\n                <source srcset=\"https:\/\/www.lartisien.com\/blog\/wp-content\/uploads\/2023\/10\/lorea-experiencia-culinaria-para-paladares-abiertos-03-768x575.jpg\" media=\"(min-width: 100px)\">\n                <img decoding=\"async\" style=\"\" loading=\"lazy\" class=\"img-2\" src=\"https:\/\/www.lartisien.com\/blog\/wp-content\/uploads\/2023\/10\/lorea-experiencia-culinaria-para-paladares-abiertos-03-1024x767.jpg\" alt=\"\" \/>\n            <\/picture>    <\/div>\r\n        <div class=\"image-container img-3\">\r\n        <picture class=\"img-3\">\n                <source srcset=\"https:\/\/www.lartisien.com\/blog\/wp-content\/uploads\/2023\/10\/15206406240.jpg\" media=\"(min-width: 1400px)\">\n                <source srcset=\"https:\/\/www.lartisien.com\/blog\/wp-content\/uploads\/2023\/10\/15206406240.jpg\" media=\"(min-width: 1000px)\">\n                <source srcset=\"https:\/\/www.lartisien.com\/blog\/wp-content\/uploads\/2023\/10\/15206406240-1024x767.jpg\" media=\"(min-width: 600px)\">\n                <source srcset=\"https:\/\/www.lartisien.com\/blog\/wp-content\/uploads\/2023\/10\/15206406240-768x575.jpg\" media=\"(min-width: 100px)\">\n                <img decoding=\"async\" style=\"\" loading=\"lazy\" class=\"img-3\" src=\"https:\/\/www.lartisien.com\/blog\/wp-content\/uploads\/2023\/10\/15206406240-1024x767.jpg\" alt=\"\" \/>\n            <\/picture>    <\/div>\r\n    <\/section>\r\n\n\n<section class=\"important-information\">\r\n    <p class=\"p--4 important-information-header\"><\/p>\r\n    <div class=\"p--5 important-information-content\"><p><b>Address: <\/b>Sinaloa 141, Roma Nte., Cuauht\u00e9moc, 06700 Ciudad de M\u00e9xico, CDMX.<\/p>\n<p><strong>Opening hours: <\/strong>Tuesday to Saturday &#8211; 2pm to 11pm.<\/p>\n<\/div>\r\n<\/section>\n\n\n<h3>The Ciudadela Market<\/h3>\n\n\n\n<p>After lunch, head for La Ciudadela, Mexico City&#8217;s, and Mexico&#8217;s, biggest market. Artisans from all over the country come here to sell their textiles, creations and handicrafts. La Ciudadela was originally opened during the 1968 Olympic Games to showcase the crafts of Mexico. It&#8217;s the perfect place to buy souvenirs of traditional crafts and immerse yourself in the local atmosphere as you stroll along the crowded, colourful aisles.<\/p>\n\n\n\r\n<section class=\"image-grid image-grid-4 fifty-fifty-grid\">\r\n        <div class=\"image-container img-1\">\r\n        <picture class=\"img-1\">\n                <source srcset=\"https:\/\/www.lartisien.com\/blog\/wp-content\/uploads\/2023\/10\/mercado-mexico_X.jpeg\" media=\"(min-width: 1400px)\">\n                <source srcset=\"https:\/\/www.lartisien.com\/blog\/wp-content\/uploads\/2023\/10\/mercado-mexico_X-1536x1146.jpeg\" media=\"(min-width: 1000px)\">\n                <source srcset=\"https:\/\/www.lartisien.com\/blog\/wp-content\/uploads\/2023\/10\/mercado-mexico_X-1024x764.jpeg\" media=\"(min-width: 600px)\">\n                <source srcset=\"https:\/\/www.lartisien.com\/blog\/wp-content\/uploads\/2023\/10\/mercado-mexico_X-768x573.jpeg\" media=\"(min-width: 100px)\">\n                <img decoding=\"async\" style=\"\" loading=\"lazy\" class=\"img-1\" src=\"https:\/\/www.lartisien.com\/blog\/wp-content\/uploads\/2023\/10\/mercado-mexico_X-1024x764.jpeg\" alt=\"\" \/>\n            <\/picture>    <\/div>\r\n        <div class=\"image-container img-2\">\r\n        <picture class=\"img-2\">\n                <source srcset=\"https:\/\/www.lartisien.com\/blog\/wp-content\/uploads\/2023\/09\/Mercado-de-Artesanias-La-Ciudadela_3.jpg\" media=\"(min-width: 1400px)\">\n                <source srcset=\"https:\/\/www.lartisien.com\/blog\/wp-content\/uploads\/2023\/09\/Mercado-de-Artesanias-La-Ciudadela_3-1536x1043.jpg\" media=\"(min-width: 1000px)\">\n                <source srcset=\"https:\/\/www.lartisien.com\/blog\/wp-content\/uploads\/2023\/09\/Mercado-de-Artesanias-La-Ciudadela_3-1024x695.jpg\" media=\"(min-width: 600px)\">\n                <source srcset=\"https:\/\/www.lartisien.com\/blog\/wp-content\/uploads\/2023\/09\/Mercado-de-Artesanias-La-Ciudadela_3-768x521.jpg\" media=\"(min-width: 100px)\">\n                <img decoding=\"async\" style=\"\" loading=\"lazy\" class=\"img-2\" src=\"https:\/\/www.lartisien.com\/blog\/wp-content\/uploads\/2023\/09\/Mercado-de-Artesanias-La-Ciudadela_3-1024x695.jpg\" alt=\"\" \/>\n            <\/picture>    <\/div>\r\n        <div class=\"image-container img-3\">\r\n        <picture class=\"img-3\">\n                <source srcset=\"https:\/\/www.lartisien.com\/blog\/wp-content\/uploads\/2023\/09\/Mercado-de-Artesanias-La-Ciudadela.jpg\" media=\"(min-width: 1400px)\">\n                <source srcset=\"https:\/\/www.lartisien.com\/blog\/wp-content\/uploads\/2023\/09\/Mercado-de-Artesanias-La-Ciudadela-1536x1025.jpg\" media=\"(min-width: 1000px)\">\n                <source srcset=\"https:\/\/www.lartisien.com\/blog\/wp-content\/uploads\/2023\/09\/Mercado-de-Artesanias-La-Ciudadela-1024x684.jpg\" media=\"(min-width: 600px)\">\n                <source srcset=\"https:\/\/www.lartisien.com\/blog\/wp-content\/uploads\/2023\/09\/Mercado-de-Artesanias-La-Ciudadela-768x513.jpg\" media=\"(min-width: 100px)\">\n                <img decoding=\"async\" style=\"\" loading=\"lazy\" class=\"img-3\" src=\"https:\/\/www.lartisien.com\/blog\/wp-content\/uploads\/2023\/09\/Mercado-de-Artesanias-La-Ciudadela-1024x684.jpg\" alt=\"\" \/>\n            <\/picture>    <\/div>\r\n        <div class=\"image-container img-4\">\r\n        <picture class=\"img-4\">\n                <source srcset=\"https:\/\/www.lartisien.com\/blog\/wp-content\/uploads\/2023\/10\/mercado_mexico_X.jpeg\" media=\"(min-width: 1400px)\">\n                <source srcset=\"https:\/\/www.lartisien.com\/blog\/wp-content\/uploads\/2023\/10\/mercado_mexico_X-1536x1018.jpeg\" media=\"(min-width: 1000px)\">\n                <source srcset=\"https:\/\/www.lartisien.com\/blog\/wp-content\/uploads\/2023\/10\/mercado_mexico_X-1024x678.jpeg\" media=\"(min-width: 600px)\">\n                <source srcset=\"https:\/\/www.lartisien.com\/blog\/wp-content\/uploads\/2023\/10\/mercado_mexico_X-768x509.jpeg\" media=\"(min-width: 100px)\">\n                <img decoding=\"async\" style=\"\" loading=\"lazy\" class=\"img-4\" src=\"https:\/\/www.lartisien.com\/blog\/wp-content\/uploads\/2023\/10\/mercado_mexico_X-1024x678.jpeg\" alt=\"\" \/>\n            <\/picture>    <\/div>\r\n    <\/section>\r\n\n\n<section class=\"important-information\">\r\n    <p class=\"p--4 important-information-header\"><\/p>\r\n    <div class=\"p--5 important-information-content\"><p><b>Address: <\/b>Balderas S\/N, Colonia Centro, Centro, Cuauht\u00e9moc, 06040 Ciudad de M\u00e9xico, CDMX.<\/p>\n<p><strong>Opening hours: <\/strong>Monday to Saturday &#8211; 10am to 7pm.<\/p>\n<p>Sunday &#8211; 10am to 6pm.<\/p>\n<\/div>\r\n<\/section>\n\n\n<h3>Plaza de las Tres Culturas<\/h3>\n\n\n\n<p>In the centre of Mexico City, in the Tlatelolco district, the Plaza de las Tres Culturas offers a unique display of the country&#8217;s architectural history. Alongside the remains of pyramids from the pre-Hispanic period, you&#8217;ll find the convent and church of Santiago, built on the ruins of an Aztec temple and today symbols of Mexico&#8217;s colonial era. The historic esplanade is also surrounded by buildings that speak to the country&#8217;s modernity.<\/p>\n\n\n\r\n<section class=\"image-grid image-grid-1 forty-sixty-grid\">\r\n        <div class=\"image-container img-1\">\r\n        <picture class=\"img-1\">\n                <source srcset=\"https:\/\/www.lartisien.com\/blog\/wp-content\/uploads\/2023\/09\/Place-des-trois-cultures.jpg\" media=\"(min-width: 1400px)\">\n                <source srcset=\"https:\/\/www.lartisien.com\/blog\/wp-content\/uploads\/2023\/09\/Place-des-trois-cultures-1536x1024.jpg\" media=\"(min-width: 1000px)\">\n                <source srcset=\"https:\/\/www.lartisien.com\/blog\/wp-content\/uploads\/2023\/09\/Place-des-trois-cultures-1024x682.jpg\" media=\"(min-width: 600px)\">\n                <source srcset=\"https:\/\/www.lartisien.com\/blog\/wp-content\/uploads\/2023\/09\/Place-des-trois-cultures-768x512.jpg\" media=\"(min-width: 100px)\">\n                <img decoding=\"async\" style=\"\" loading=\"lazy\" class=\"img-1\" src=\"https:\/\/www.lartisien.com\/blog\/wp-content\/uploads\/2023\/09\/Place-des-trois-cultures-1024x682.jpg\" alt=\"\" \/>\n            <\/picture>    <\/div>\r\n    <\/section>\r\n\n\n<section class=\"important-information\">\r\n    <p class=\"p--4 important-information-header\"><\/p>\r\n    <div class=\"p--5 important-information-content\"><p><b>Address: <\/b>Eje Central L\u00e1zaro C\u00e1rdenas S\/N, Tlatelolco, Cuauht\u00e9moc, 06900 Ciudad de M\u00e9xico, CDMX.<\/p>\n<\/div>\r\n<\/section>\n\n\n<h3>Dining at Rosetta<\/h3>\n\n\n\n<p>For your first dinner in Mexico City, we invite you to discover Restaurante Rosetta. Nestled in an old mansion in the Roma district, the restaurant unfolds across several rooms decorated with murals, plants, flowers and candles, with wooden tables on which plates are adorned with floral motifs. It&#8217;s in this bucolic setting that Elena Reygadas, one of the most influential figures of Mexican gastronomy, presents her creations.<\/p>\n\n\n\n<p>In collaboration with Elena Reygadas, Lartisien also offers an Immersion on Tuesday and Friday mornings. It begins with breakfast in the restaurant or patisserie, in the company of chef Elena Reygadas herself. She then takes travellers on a tour of Mexico City, sampling delicacies at Pasteleria Ideal and Caf\u00e9 Tacuba. To round off the tour, the chef offers guests the chance to enjoy her own creations at the Rosetta patisserie.<\/p>\n\n\n\r\n<section class=\"image-grid image-grid-3 forty-sixty-grid\">\r\n        <div class=\"image-container img-1\">\r\n        <picture class=\"img-1\">\n                <source srcset=\"https:\/\/www.lartisien.com\/blog\/wp-content\/uploads\/2023\/10\/Patio-principal-ROSETTA.jpg\" media=\"(min-width: 1400px)\">\n                <source srcset=\"https:\/\/www.lartisien.com\/blog\/wp-content\/uploads\/2023\/10\/Patio-principal-ROSETTA-1536x1024.jpg\" media=\"(min-width: 1000px)\">\n                <source srcset=\"https:\/\/www.lartisien.com\/blog\/wp-content\/uploads\/2023\/10\/Patio-principal-ROSETTA-1024x682.jpg\" media=\"(min-width: 600px)\">\n                <source srcset=\"https:\/\/www.lartisien.com\/blog\/wp-content\/uploads\/2023\/10\/Patio-principal-ROSETTA-768x512.jpg\" media=\"(min-width: 100px)\">\n                <img decoding=\"async\" style=\"\" loading=\"lazy\" class=\"img-1\" src=\"https:\/\/www.lartisien.com\/blog\/wp-content\/uploads\/2023\/10\/Patio-principal-ROSETTA-1024x682.jpg\" alt=\"\" \/>\n            <\/picture>    <\/div>\r\n        <div class=\"image-container img-2\">\r\n        <picture class=\"img-2\">\n                <source srcset=\"https:\/\/www.lartisien.com\/blog\/wp-content\/uploads\/2023\/10\/Platilloalta4-min.jpg\" media=\"(min-width: 1400px)\">\n                <source srcset=\"https:\/\/www.lartisien.com\/blog\/wp-content\/uploads\/2023\/10\/Platilloalta4-min-1536x1024.jpg\" media=\"(min-width: 1000px)\">\n                <source srcset=\"https:\/\/www.lartisien.com\/blog\/wp-content\/uploads\/2023\/10\/Platilloalta4-min-1024x682.jpg\" media=\"(min-width: 600px)\">\n                <source srcset=\"https:\/\/www.lartisien.com\/blog\/wp-content\/uploads\/2023\/10\/Platilloalta4-min-768x512.jpg\" media=\"(min-width: 100px)\">\n                <img decoding=\"async\" style=\"\" loading=\"lazy\" class=\"img-2\" src=\"https:\/\/www.lartisien.com\/blog\/wp-content\/uploads\/2023\/10\/Platilloalta4-min-1024x682.jpg\" alt=\"\" \/>\n            <\/picture>    <\/div>\r\n        <div class=\"image-container img-3\">\r\n        <picture class=\"img-3\">\n                <source srcset=\"https:\/\/www.lartisien.com\/blog\/wp-content\/uploads\/2023\/10\/Reygadas.jpg\" media=\"(min-width: 1400px)\">\n                <source srcset=\"https:\/\/www.lartisien.com\/blog\/wp-content\/uploads\/2023\/10\/Reygadas-1536x1024.jpg\" media=\"(min-width: 1000px)\">\n                <source srcset=\"https:\/\/www.lartisien.com\/blog\/wp-content\/uploads\/2023\/10\/Reygadas-1024x683.jpg\" media=\"(min-width: 600px)\">\n                <source srcset=\"https:\/\/www.lartisien.com\/blog\/wp-content\/uploads\/2023\/10\/Reygadas-768x512.jpg\" media=\"(min-width: 100px)\">\n                <img decoding=\"async\" style=\"\" loading=\"lazy\" class=\"img-3\" src=\"https:\/\/www.lartisien.com\/blog\/wp-content\/uploads\/2023\/10\/Reygadas-1024x683.jpg\" alt=\"\" \/>\n            <\/picture>    <\/div>\r\n    <\/section>\r\n\n\n<section class=\"important-information\">\r\n    <p class=\"p--4 important-information-header\"><\/p>\r\n    <div class=\"p--5 important-information-content\"><p><b>Address: <\/b>Colima 179, Roma Nte., Cuauht\u00e9moc, 06700 Ciudad de M\u00e9xico, CDMX.<\/p>\n<p><strong>Opening hours: <\/strong>Every day except Sunday &#8211; 1pm to midnight.<\/p>\n<\/div>\r\n<\/section>\n\n\n<h2>Day 2 in Mexico City<\/h2>\n\n\n\n<h3>Teotihuacan<\/h3>\n\n\n\n<p>50 kilometres northeast of Mexico City is the sacred city of Teotihuacan, home to the remains of a pre-Aztec civilization dating back to more than 200 B.C. It&#8217;s listed as a UNESCO World Heritage Site, spanning 25 km\u00b2 and representing one of the major enigmas of archaeology. The length of time you need to visit depends on your interest in history, but the site is well worth a half or even a full day&#8217;s visit. The distance between Teotihuacan&#8217;s various sites is significant, and walking is an integral part of the visit. You&#8217;ll discover the Pyramid of the Sun and the Pyramid of the Moon, but also temples, palaces and museums that attempt to retrace the history of the mysterious city.<\/p>\n\n\n\r\n<section class=\"image-grid image-grid-2 fifty-fifty-grid\">\r\n        <div class=\"image-container img-1\">\r\n        <picture class=\"img-1\">\n                <source srcset=\"https:\/\/www.lartisien.com\/blog\/wp-content\/uploads\/2023\/09\/Teotihuacan.jpeg\" media=\"(min-width: 1400px)\">\n                <source srcset=\"https:\/\/www.lartisien.com\/blog\/wp-content\/uploads\/2023\/09\/Teotihuacan-1536x1024.jpeg\" media=\"(min-width: 1000px)\">\n                <source srcset=\"https:\/\/www.lartisien.com\/blog\/wp-content\/uploads\/2023\/09\/Teotihuacan-1024x682.jpeg\" media=\"(min-width: 600px)\">\n                <source srcset=\"https:\/\/www.lartisien.com\/blog\/wp-content\/uploads\/2023\/09\/Teotihuacan-768x512.jpeg\" media=\"(min-width: 100px)\">\n                <img decoding=\"async\" style=\"\" loading=\"lazy\" class=\"img-1\" src=\"https:\/\/www.lartisien.com\/blog\/wp-content\/uploads\/2023\/09\/Teotihuacan-1024x682.jpeg\" alt=\"\" \/>\n            <\/picture>    <\/div>\r\n        <div class=\"image-container img-2\">\r\n        <picture class=\"img-2\">\n                <source srcset=\"https:\/\/www.lartisien.com\/blog\/wp-content\/uploads\/2023\/10\/Teotihuacan_3.jpeg\" media=\"(min-width: 1400px)\">\n                <source srcset=\"https:\/\/www.lartisien.com\/blog\/wp-content\/uploads\/2023\/10\/Teotihuacan_3-1536x1025.jpeg\" media=\"(min-width: 1000px)\">\n                <source srcset=\"https:\/\/www.lartisien.com\/blog\/wp-content\/uploads\/2023\/10\/Teotihuacan_3-1024x683.jpeg\" media=\"(min-width: 600px)\">\n                <source srcset=\"https:\/\/www.lartisien.com\/blog\/wp-content\/uploads\/2023\/10\/Teotihuacan_3-768x512.jpeg\" media=\"(min-width: 100px)\">\n                <img decoding=\"async\" style=\"\" loading=\"lazy\" class=\"img-2\" src=\"https:\/\/www.lartisien.com\/blog\/wp-content\/uploads\/2023\/10\/Teotihuacan_3-1024x683.jpeg\" alt=\"\" \/>\n            <\/picture>    <\/div>\r\n    <\/section>\r\n\n\n\n<h3>Aperitivo at Toledo Rooftop<\/h3>\n\n\n\n<p>After a day of sightseeing, it&#8217;s time to slow down and nothing beats an aperitivo amid the lively, boho-chic ambience of Toledo Rooftop. On the top floor of a building in the Ju\u00e1rez district, the place boasts a decor of neutral colours and a palette of materials such as rusted steel, pine wood, brick, talavera and polished concrete. Handcrafted furniture with Mexican influences is arranged under wooden pergolas and surrounded by plants. Catch a sunset cocktail here, and you&#8217;ll almost forget you&#8217;re overlooking the hustle of Mexico City.<\/p>\n\n\n<section class=\"important-information\">\r\n    <p class=\"p--4 important-information-header\"><\/p>\r\n    <div class=\"p--5 important-information-content\"><p><b>Address: <\/b>Av Chapultepec 461, Ju\u00e1rez, Cuauht\u00e9moc, 06600 Ciudad de M\u00e9xico, CDMX.<\/p>\n<p><strong>Opening hours: <\/strong>Monday to Saturday &#8211; 1 pm to 2 am. Sunday &#8211; noon to midnight.<\/p>\n<\/div>\r\n<\/section>\n\n\n<h3>Dining at Carmela y Sal<\/h3>\n\n\n\n<p>Less than a 10-minute drive from the rooftop bar is the Carmela y Sal restaurant, where you can enjoy the imaginative cuisine of Gabriela Ruiz, inspired by the Tabasco region of Mexico where she grew up. In a glamorous room, atmospheric lighting fixtures, dark floors and plants hanging from the ceiling create a hushed ambience, perfect for a menu of meat dishes, and original vegan options. The star dish? Tierra de Luna, an empanada made with plantain, stuffed with black beans and topped with a wonderful reduced tomato sauce.<\/p>\n\n\n<section class=\"important-information\">\r\n    <p class=\"p--4 important-information-header\"><\/p>\r\n    <div class=\"p--5 important-information-content\"><p><b>Address: <\/b>Torre Virreyes, Calle Pedregal N.24 Del, 11040 Ciudad de M\u00e9xico, CDMX.<\/p>\n<p><strong>Opening hours: <\/strong>Monday to Saturday &#8211; 1 pm to 11:30 pm. Sunday &#8211; 1 pm to 7:30 pm.<\/p>\n<\/div>\r\n<\/section>\n\n\n<h2>Day 3 in Mexico City<\/h2>\n\n\n\n<h3>Museo Soumaya<\/h3>\n\n\n\n<p>In the Polanco district, Museo Soumaya impresses with its bold, unusual fa\u00e7ade of the Plaza Carso building in which it sits. Its architecture is a masterpiece by Fernando Romero, a non-conformist architect renowned for his designs inspired by hyperbolic geometry and tectonics. Businessman Carlos Slim created the museum to offer Mexicans free access to a prestigious collection of international art. He named it in honour of his late wife, and the museum houses over 60,000 works of art, including Impressionist paintings by Monet, Renoir and Degas; Surrealist works by Salvador Dal\u00ed and Joan Mir\u00f3; sculptures by Auguste Rodin and Camille Claudel; and works by Mexican artists such as David Alfaro Siqueiros and Diego Rivera.<\/p>\n\n\n\r\n<section class=\"image-grid image-grid-3 forty-sixty-grid\">\r\n        <div class=\"image-container img-1\">\r\n        <picture class=\"img-1\">\n                <source srcset=\"https:\/\/www.lartisien.com\/blog\/wp-content\/uploads\/2023\/10\/Soumaya_3.jpg\" media=\"(min-width: 1400px)\">\n                <source srcset=\"https:\/\/www.lartisien.com\/blog\/wp-content\/uploads\/2023\/10\/Soumaya_3-1536x1025.jpg\" media=\"(min-width: 1000px)\">\n                <source srcset=\"https:\/\/www.lartisien.com\/blog\/wp-content\/uploads\/2023\/10\/Soumaya_3-1024x683.jpg\" media=\"(min-width: 600px)\">\n                <source srcset=\"https:\/\/www.lartisien.com\/blog\/wp-content\/uploads\/2023\/10\/Soumaya_3-768x512.jpg\" media=\"(min-width: 100px)\">\n                <img decoding=\"async\" style=\"\" loading=\"lazy\" class=\"img-1\" src=\"https:\/\/www.lartisien.com\/blog\/wp-content\/uploads\/2023\/10\/Soumaya_3-1024x683.jpg\" alt=\"\" \/>\n            <\/picture>    <\/div>\r\n        <div class=\"image-container img-2\">\r\n        <picture class=\"img-2\">\n                <source srcset=\"https:\/\/www.lartisien.com\/blog\/wp-content\/uploads\/2023\/10\/Soumaya.jpg\" media=\"(min-width: 1400px)\">\n                <source srcset=\"https:\/\/www.lartisien.com\/blog\/wp-content\/uploads\/2023\/10\/Soumaya-1152x1536.jpg\" media=\"(min-width: 1000px)\">\n                <source srcset=\"https:\/\/www.lartisien.com\/blog\/wp-content\/uploads\/2023\/10\/Soumaya-768x1024.jpg\" media=\"(min-width: 600px)\">\n                <source srcset=\"https:\/\/www.lartisien.com\/blog\/wp-content\/uploads\/2023\/10\/Soumaya-768x1024.jpg\" media=\"(min-width: 100px)\">\n                <img decoding=\"async\" style=\"\" loading=\"lazy\" class=\"img-2\" src=\"https:\/\/www.lartisien.com\/blog\/wp-content\/uploads\/2023\/10\/Soumaya-768x1024.jpg\" alt=\"\" \/>\n            <\/picture>    <\/div>\r\n        <div class=\"image-container img-3\">\r\n        <picture class=\"img-3\">\n                <source srcset=\"https:\/\/www.lartisien.com\/blog\/wp-content\/uploads\/2023\/10\/Soumaya_4.jpeg\" media=\"(min-width: 1400px)\">\n                <source srcset=\"https:\/\/www.lartisien.com\/blog\/wp-content\/uploads\/2023\/10\/Soumaya_4-1536x1152.jpeg\" media=\"(min-width: 1000px)\">\n                <source srcset=\"https:\/\/www.lartisien.com\/blog\/wp-content\/uploads\/2023\/10\/Soumaya_4-1024x768.jpeg\" media=\"(min-width: 600px)\">\n                <source srcset=\"https:\/\/www.lartisien.com\/blog\/wp-content\/uploads\/2023\/10\/Soumaya_4-768x576.jpeg\" media=\"(min-width: 100px)\">\n                <img decoding=\"async\" style=\"\" loading=\"lazy\" class=\"img-3\" src=\"https:\/\/www.lartisien.com\/blog\/wp-content\/uploads\/2023\/10\/Soumaya_4-1024x768.jpeg\" alt=\"\" \/>\n            <\/picture>    <\/div>\r\n    <\/section>\r\n\n\n<section class=\"important-information\">\r\n    <p class=\"p--4 important-information-header\"><\/p>\r\n    <div class=\"p--5 important-information-content\"><p><b>Address: <\/b>Blvd. Miguel de Cervantes Saavedra, Granada, Miguel Hidalgo, 11529 Ciudad de M\u00e9xico, CDMX.<\/p>\n<p><strong>Opening hours: <\/strong>Every day: 10:30 am &#8211; 6:30 pm.<\/p>\n<\/div>\r\n<\/section>\n\n\n<h3>Lunch at Bak\u00e9a<\/h3>\n\n\n\n<p>For lunch on the 3rd day in Mexico City, we recommend Bak\u00e9a, a 10-minute drive away from Museo Soumaya and recognized as one of Mexico&#8217;s finest gastronomic addresses. It&#8217;s helmed by chef Vicente Etcehgaray, who offers a cuisine of character, influenced by his Basque-French and Mexican origins. Expect richly flavoured dishes &#8211; such as roast quail in port wine jus, accompanied by herb risotto and foie gras escalopes &#8211; in a simply decorated dining room or on a charming covered terrace.<\/p>\n\n\n<section class=\"important-information\">\r\n    <p class=\"p--4 important-information-header\"><\/p>\r\n    <div class=\"p--5 important-information-content\"><p><strong>Address: <\/strong>Sierra Ventanas 700-5, Lomas de Chapultepec, Miguel Hidalgo, 11000 Ciudad de M\u00e9xico, CDMX.<\/p>\n<p><strong>Opening hours: <\/strong>Tuesday to Saturday &#8211; 1:30 pm to midnight. Sunday &#8211; 1:30 pm to 7 pm.<\/p>\n<\/div>\r\n<\/section>\n\n\n<h3>Chapultepec Golf Club<\/h3>\n\n\n\n<p>After lunch, golf enthusiasts can head to the Chapultepec Golf Club, less than 5 kilometres from the restaurant. Built during the Mexican Revolution, it opened in 1921 and is one of Mexico City&#8217;s oldest and most popular courses.<\/p>\n\n\n\r\n<section class=\"image-grid image-grid-1 forty-sixty-grid\">\r\n        <div class=\"image-container img-1\">\r\n        <picture class=\"img-1\">\n                <source srcset=\"https:\/\/www.lartisien.com\/blog\/wp-content\/uploads\/2023\/10\/golf20chapultec.jpeg\" media=\"(min-width: 1400px)\">\n                <source srcset=\"https:\/\/www.lartisien.com\/blog\/wp-content\/uploads\/2023\/10\/golf20chapultec.jpeg\" media=\"(min-width: 1000px)\">\n                <source srcset=\"https:\/\/www.lartisien.com\/blog\/wp-content\/uploads\/2023\/10\/golf20chapultec-1024x683.jpeg\" media=\"(min-width: 600px)\">\n                <source srcset=\"https:\/\/www.lartisien.com\/blog\/wp-content\/uploads\/2023\/10\/golf20chapultec-768x512.jpeg\" media=\"(min-width: 100px)\">\n                <img decoding=\"async\" style=\"\" loading=\"lazy\" class=\"img-1\" src=\"https:\/\/www.lartisien.com\/blog\/wp-content\/uploads\/2023\/10\/golf20chapultec-1024x683.jpeg\" alt=\"\" \/>\n            <\/picture>    <\/div>\r\n    <\/section>\r\n\n\n<section class=\"important-information\">\r\n    <p class=\"p--4 important-information-header\"><\/p>\r\n    <div class=\"p--5 important-information-content\"><p><strong>Address: <\/strong>Av. del Conscripto 425, Lomas Hipodromo, 53900 Naucalpan de Ju\u00e1rez, M\u00e9x.<\/p>\n<p><strong>Opening hours: <\/strong>Daily &#8211; noon to 7 pm.<\/p>\n<\/div>\r\n<\/section>\n\n\n<h3>Dinner at SAMOS Sabores M\u00edos at The Ritz-Carlton, Mexico City<\/h3>\n\n\n\n<p>On the 38th floor of&nbsp;<a href=\"https:\/\/www.lartisien.com\/hotel\/the-ritz-carlton-mexico-city\" target=\"_blank\" rel=\"noreferrer noopener\">The Ritz-Carlton, Mexico City,<\/a>&nbsp;SAMOS Sabores M\u00edos is a restaurant with sumptuous decor and exceptional service, in keeping with the image of The Ritz-Carlton group. The experience is further enhanced by a spectacular view of Chapultepec Castle through its immense glass walls. In this dazzling setting, chef Jonathan Felix proposes a menu that highlights Mexican culture and gastronomy through dishes inspired by the four corners of the country.<\/p>\n\n\n\r\n<section class=\"image-grid image-grid-3 sixty-forty-grid\">\r\n        <div class=\"image-container img-1\">\r\n        <picture class=\"img-1\">\n                <source srcset=\"https:\/\/www.lartisien.com\/blog\/wp-content\/uploads\/2023\/10\/103654-root-samos-restaurant-terrace.jpeg\" media=\"(min-width: 1400px)\">\n                <source srcset=\"https:\/\/www.lartisien.com\/blog\/wp-content\/uploads\/2023\/10\/103654-root-samos-restaurant-terrace-1536x1025.jpeg\" media=\"(min-width: 1000px)\">\n                <source srcset=\"https:\/\/www.lartisien.com\/blog\/wp-content\/uploads\/2023\/10\/103654-root-samos-restaurant-terrace-1024x683.jpeg\" media=\"(min-width: 600px)\">\n                <source srcset=\"https:\/\/www.lartisien.com\/blog\/wp-content\/uploads\/2023\/10\/103654-root-samos-restaurant-terrace-768x512.jpeg\" media=\"(min-width: 100px)\">\n                <img decoding=\"async\" style=\"\" loading=\"lazy\" class=\"img-1\" src=\"https:\/\/www.lartisien.com\/blog\/wp-content\/uploads\/2023\/10\/103654-root-samos-restaurant-terrace-1024x683.jpeg\" alt=\"\" \/>\n            <\/picture>    <\/div>\r\n        <div class=\"image-container img-2\">\r\n        <picture class=\"img-2\">\n                <source srcset=\"https:\/\/www.lartisien.com\/blog\/wp-content\/uploads\/2023\/10\/103653-root-samos-restaurant-dining-room.jpeg\" media=\"(min-width: 1400px)\">\n                <source srcset=\"https:\/\/www.lartisien.com\/blog\/wp-content\/uploads\/2023\/10\/103653-root-samos-restaurant-dining-room-1536x1025.jpeg\" media=\"(min-width: 1000px)\">\n                <source srcset=\"https:\/\/www.lartisien.com\/blog\/wp-content\/uploads\/2023\/10\/103653-root-samos-restaurant-dining-room-1024x683.jpeg\" media=\"(min-width: 600px)\">\n                <source srcset=\"https:\/\/www.lartisien.com\/blog\/wp-content\/uploads\/2023\/10\/103653-root-samos-restaurant-dining-room-768x512.jpeg\" media=\"(min-width: 100px)\">\n                <img decoding=\"async\" style=\"\" loading=\"lazy\" class=\"img-2\" src=\"https:\/\/www.lartisien.com\/blog\/wp-content\/uploads\/2023\/10\/103653-root-samos-restaurant-dining-room-1024x683.jpeg\" alt=\"\" \/>\n            <\/picture>    <\/div>\r\n        <div class=\"image-container img-3\">\r\n        <picture class=\"img-3\">\n                <source srcset=\"https:\/\/www.lartisien.com\/blog\/wp-content\/uploads\/2023\/10\/103382-root-samos-restaurant-dining-room.jpeg\" media=\"(min-width: 1400px)\">\n                <source srcset=\"https:\/\/www.lartisien.com\/blog\/wp-content\/uploads\/2023\/10\/103382-root-samos-restaurant-dining-room-1536x1025.jpeg\" media=\"(min-width: 1000px)\">\n                <source srcset=\"https:\/\/www.lartisien.com\/blog\/wp-content\/uploads\/2023\/10\/103382-root-samos-restaurant-dining-room-1024x683.jpeg\" media=\"(min-width: 600px)\">\n                <source srcset=\"https:\/\/www.lartisien.com\/blog\/wp-content\/uploads\/2023\/10\/103382-root-samos-restaurant-dining-room-768x512.jpeg\" media=\"(min-width: 100px)\">\n                <img decoding=\"async\" style=\"\" loading=\"lazy\" class=\"img-3\" src=\"https:\/\/www.lartisien.com\/blog\/wp-content\/uploads\/2023\/10\/103382-root-samos-restaurant-dining-room-1024x683.jpeg\" alt=\"\" \/>\n            <\/picture>    <\/div>\r\n    <\/section>\r\n\n\n<section class=\"important-information\">\r\n    <p class=\"p--4 important-information-header\"><\/p>\r\n    <div class=\"p--5 important-information-content\"><p><strong>Address: <\/strong>Av. P.\u00ba de la Reforma 509, Cuauht\u00e9moc, 06500 Ciudad de M\u00e9xico, CDMX.<\/p>\n<p><strong>Opening hours: <\/strong>Monday to Friday &#8211; 7 am to 11:30 am and noon to 10:30 pm. Saturday and Sunday &#8211; 7 am to 11:45 pm.<\/p>\n<\/div>\r\n<\/section>\n\n\n<h2>Day 4 in Mexico City<\/h2>\n\n\n\n<h3>Visit Casa Org\u00e1nica and Quetzalcoatl Park<\/h3>\n\n\n\n<p>On Wednesdays and Fridays, between 9 am and 3 pm, Lartisien offers an exclusive tour of Parque Quetzalc\u00f3atl, dedicated to ecological preservation and natural regeneration, under construction and still closed to the public. Accompanied by its architect, Javier Senosiain, discover this enchanting place before anyone else. The tour encompasses his Casa Org\u00e0nica, a labyrinthine house with organic forms that he designed and even lived in. Overlooking the city, it&#8217;s considered Mexico City&#8217;s most Instagrammable house.<\/p>\n\n\n\r\n<section class=\"image-grid image-grid-2 forty-sixty-grid\">\r\n        <div class=\"image-container img-1\">\r\n        <picture class=\"img-1\">\n                <source srcset=\"https:\/\/www.lartisien.com\/blog\/wp-content\/uploads\/2023\/09\/quetzalcoatl_2.jpg\" media=\"(min-width: 1400px)\">\n                <source srcset=\"https:\/\/www.lartisien.com\/blog\/wp-content\/uploads\/2023\/09\/quetzalcoatl_2-1536x1024.jpg\" media=\"(min-width: 1000px)\">\n                <source srcset=\"https:\/\/www.lartisien.com\/blog\/wp-content\/uploads\/2023\/09\/quetzalcoatl_2-1024x682.jpg\" media=\"(min-width: 600px)\">\n                <source srcset=\"https:\/\/www.lartisien.com\/blog\/wp-content\/uploads\/2023\/09\/quetzalcoatl_2-768x512.jpg\" media=\"(min-width: 100px)\">\n                <img decoding=\"async\" style=\"\" loading=\"lazy\" class=\"img-1\" src=\"https:\/\/www.lartisien.com\/blog\/wp-content\/uploads\/2023\/09\/quetzalcoatl_2-1024x682.jpg\" alt=\"\" \/>\n            <\/picture>    <\/div>\r\n        <div class=\"image-container img-2\">\r\n        <picture class=\"img-2\">\n                <source srcset=\"https:\/\/www.lartisien.com\/blog\/wp-content\/uploads\/2023\/10\/DSC_0126.jpg\" media=\"(min-width: 1400px)\">\n                <source srcset=\"https:\/\/www.lartisien.com\/blog\/wp-content\/uploads\/2023\/10\/DSC_0126-1536x1028.jpg\" media=\"(min-width: 1000px)\">\n                <source srcset=\"https:\/\/www.lartisien.com\/blog\/wp-content\/uploads\/2023\/10\/DSC_0126-1024x686.jpg\" media=\"(min-width: 600px)\">\n                <source srcset=\"https:\/\/www.lartisien.com\/blog\/wp-content\/uploads\/2023\/10\/DSC_0126-768x514.jpg\" media=\"(min-width: 100px)\">\n                <img decoding=\"async\" style=\"\" loading=\"lazy\" class=\"img-2\" src=\"https:\/\/www.lartisien.com\/blog\/wp-content\/uploads\/2023\/10\/DSC_0126-1024x686.jpg\" alt=\"\" \/>\n            <\/picture>    <\/div>\r\n    <\/section>\r\n\n\n<section class=\"important-information\">\r\n    <p class=\"p--4 important-information-header\"><\/p>\r\n    <div class=\"p--5 important-information-content\"><p><strong>Casa Org\u00e1nica address: <\/strong>Acueducto Morelia 26, Vista del Valle, 53296 Naucalpan de Ju\u00e1rez, M\u00e9x.<\/p>\n<p><strong>Parque Quetzalc\u00f3atl address: <\/strong>Bosques de Europa, Bosques de Aragon, 57170 Nezahualc\u00f3yotl, M\u00e9x.<\/p>\n<\/div>\r\n<\/section>\n\n\n<h3>Lunch at Los Danzantes<\/h3>\n\n\n\n<p>In the historic heart of Coyoac\u00e1n, opposite the Centennial Garden and the Coyote Fountain, Los Danzantes is one of Mexico City&#8217;s most legendary restaurants. It distinguishes itself from the other restaurants in the neighbourhood not only by its menu but also by its fa\u00e7ade and the warm atmosphere of its terrace with authentic Mexican accents. The menu here is a fusion of traditional and contemporary creations, with dishes like its hoja santa stuffed with melted Oaxacan and goat cheeses, and topped with a tomatillo and meco pepper sauce, to be enjoyed with a delicious mescal.<\/p>\n\n\n<section class=\"important-information\">\r\n    <p class=\"p--4 important-information-header\"><\/p>\r\n    <div class=\"p--5 important-information-content\"><p><strong>Address: <\/strong>Parque Centenario 12, Coyoac\u00e1n TNT, Coyoac\u00e1n, 04000 Ciudad de M\u00e9xico, CDMX.<\/p>\n<p><strong>Opening hours: <\/strong>Monday to Wednesday &#8211; 12: 30pm to 11: 00 pm. Thursday and Sunday &#8211; 9 am to 11 pm. Friday and Saturday &#8211; 9 am to midnight.<\/p>\n<\/div>\r\n<\/section>\n\n\n<h3>Casa Azul and the studio home of Frida Kahlo and Diego Rivera<\/h3>\n\n\n\n<p>Just a 10-minute walk from Los Danzantes, you will find Casa Azul: the blue house where Latin American icon Frida Kahlo was born and lived with her partner, artist Diego Rivera. It was here that she created her famous portraits.<\/p>\n\n\n\n<p>From here, head to the artists&#8217; studio home, a 10-minute drive away. Designed by Mexican architect Juan O&#8217;Gorman at Diego Rivera&#8217;s request, this space is an early example of functionalist architecture in Latin America. The couple lived here between 1934 and 1941 before Frida moved back to Casa Azul. At the museum, expect Mexican papier-m\u00e2ch\u00e9 sculptures &#8211; known as &#8220;cartoner\u00eda popular&#8221; &#8211; and other works and personal objects of Rivera, who lived here until his death.<\/p>\n\n\n\r\n<section class=\"image-grid image-grid-4 fifty-fifty-grid\">\r\n        <div class=\"image-container img-1\">\r\n        <picture class=\"img-1\">\n                <source srcset=\"https:\/\/www.lartisien.com\/blog\/wp-content\/uploads\/2023\/09\/shutterstock_1518729746.jpg\" media=\"(min-width: 1400px)\">\n                <source srcset=\"https:\/\/www.lartisien.com\/blog\/wp-content\/uploads\/2023\/09\/shutterstock_1518729746-1536x1025.jpg\" media=\"(min-width: 1000px)\">\n                <source srcset=\"https:\/\/www.lartisien.com\/blog\/wp-content\/uploads\/2023\/09\/shutterstock_1518729746-1024x684.jpg\" media=\"(min-width: 600px)\">\n                <source srcset=\"https:\/\/www.lartisien.com\/blog\/wp-content\/uploads\/2023\/09\/shutterstock_1518729746-768x513.jpg\" media=\"(min-width: 100px)\">\n                <img decoding=\"async\" style=\"\" loading=\"lazy\" class=\"img-1\" src=\"https:\/\/www.lartisien.com\/blog\/wp-content\/uploads\/2023\/09\/shutterstock_1518729746-1024x684.jpg\" alt=\"\" \/>\n            <\/picture>    <\/div>\r\n        <div class=\"image-container img-2\">\r\n        <picture class=\"img-2\">\n                <source srcset=\"https:\/\/www.lartisien.com\/blog\/wp-content\/uploads\/2023\/10\/shutterstock_2174638763.jpg\" media=\"(min-width: 1400px)\">\n                <source srcset=\"https:\/\/www.lartisien.com\/blog\/wp-content\/uploads\/2023\/10\/shutterstock_2174638763-1536x1024.jpg\" media=\"(min-width: 1000px)\">\n                <source srcset=\"https:\/\/www.lartisien.com\/blog\/wp-content\/uploads\/2023\/10\/shutterstock_2174638763-1024x682.jpg\" media=\"(min-width: 600px)\">\n                <source srcset=\"https:\/\/www.lartisien.com\/blog\/wp-content\/uploads\/2023\/10\/shutterstock_2174638763-768x512.jpg\" media=\"(min-width: 100px)\">\n                <img decoding=\"async\" style=\"\" loading=\"lazy\" class=\"img-2\" src=\"https:\/\/www.lartisien.com\/blog\/wp-content\/uploads\/2023\/10\/shutterstock_2174638763-1024x682.jpg\" alt=\"\" \/>\n            <\/picture>    <\/div>\r\n        <div class=\"image-container img-3\">\r\n        <picture class=\"img-3\">\n                <source srcset=\"https:\/\/www.lartisien.com\/blog\/wp-content\/uploads\/2023\/09\/casa-azul.jpg\" media=\"(min-width: 1400px)\">\n                <source srcset=\"https:\/\/www.lartisien.com\/blog\/wp-content\/uploads\/2023\/09\/casa-azul-1536x1024.jpg\" media=\"(min-width: 1000px)\">\n                <source srcset=\"https:\/\/www.lartisien.com\/blog\/wp-content\/uploads\/2023\/09\/casa-azul-1024x682.jpg\" media=\"(min-width: 600px)\">\n                <source srcset=\"https:\/\/www.lartisien.com\/blog\/wp-content\/uploads\/2023\/09\/casa-azul-768x512.jpg\" media=\"(min-width: 100px)\">\n                <img decoding=\"async\" style=\"\" loading=\"lazy\" class=\"img-3\" src=\"https:\/\/www.lartisien.com\/blog\/wp-content\/uploads\/2023\/09\/casa-azul-1024x682.jpg\" alt=\"\" \/>\n            <\/picture>    <\/div>\r\n        <div class=\"image-container img-4\">\r\n        <picture class=\"img-4\">\n                <source srcset=\"https:\/\/www.lartisien.com\/blog\/wp-content\/uploads\/2023\/09\/casa-azul_X.jpg\" media=\"(min-width: 1400px)\">\n                <source srcset=\"https:\/\/www.lartisien.com\/blog\/wp-content\/uploads\/2023\/09\/casa-azul_X-1536x1024.jpg\" media=\"(min-width: 1000px)\">\n                <source srcset=\"https:\/\/www.lartisien.com\/blog\/wp-content\/uploads\/2023\/09\/casa-azul_X-1024x682.jpg\" media=\"(min-width: 600px)\">\n                <source srcset=\"https:\/\/www.lartisien.com\/blog\/wp-content\/uploads\/2023\/09\/casa-azul_X-768x512.jpg\" media=\"(min-width: 100px)\">\n                <img decoding=\"async\" style=\"\" loading=\"lazy\" class=\"img-4\" src=\"https:\/\/www.lartisien.com\/blog\/wp-content\/uploads\/2023\/09\/casa-azul_X-1024x682.jpg\" alt=\"\" \/>\n            <\/picture>    <\/div>\r\n    <\/section>\r\n\n\n\n<h4>Caza Azul<\/h4>\n\n\n<section class=\"important-information\">\r\n    <p class=\"p--4 important-information-header\"><\/p>\r\n    <div class=\"p--5 important-information-content\"><p><strong>Address: <\/strong>Londres 247, Del Carmen, Coyoac\u00e1n, 04100 Ciudad de M\u00e9xico, CDMX.<\/p>\n<p><strong>Opening hours: <\/strong>Every day except Monday and Wednesday &#8211; 10 am to 6 pm.<br \/>\nWednesday &#8211; 11 am to 6 pm.<\/p>\n<\/div>\r\n<\/section>\n\n\n<h4>Diego Rivera and Frida Kahlo&#8217;s home and studio<\/h4>\n\n\n<section class=\"important-information\">\r\n    <p class=\"p--4 important-information-header\"><\/p>\r\n    <div class=\"p--5 important-information-content\"><p><strong>Address: <\/strong>Diego Rivera s\/n, San \u00c1ngel Inn, \u00c1lvaro Obreg\u00f3n, 01060 Ciudad de M\u00e9xico, CDMX.<\/p>\n<p><strong>Opening hours: <\/strong>Every day except Monday &#8211; 10 am to 5:30 pm.<\/p>\n<\/div>\r\n<\/section>\n\n\n<h3>Dining at Quintonil<\/h3>\n\n\n\n<p>In the heart of Polanco, Quintonil is a restaurant with an elegant, minimalist setting. Its clean lines blend with light wood tones and subdued lighting, creating a warm ambience in which gourmets enjoy dishes by chef Jorge Vallejo. Our recommendation? Opt for the ten-step seasonal tasting menu&#8230; It&#8217;s an invitation to explore the creativity and diversity of traditional Mexican dishes revisited by the chef!<\/p>\n\n\n\r\n<section class=\"image-grid image-grid-3 sixty-forty-grid\">\r\n        <div class=\"image-container img-1\">\r\n        <picture class=\"img-1\">\n                <source srcset=\"https:\/\/www.lartisien.com\/blog\/wp-content\/uploads\/2023\/10\/1.jpg\" media=\"(min-width: 1400px)\">\n                <source srcset=\"https:\/\/www.lartisien.com\/blog\/wp-content\/uploads\/2023\/10\/1-1536x1023.jpg\" media=\"(min-width: 1000px)\">\n                <source srcset=\"https:\/\/www.lartisien.com\/blog\/wp-content\/uploads\/2023\/10\/1-1024x682.jpg\" media=\"(min-width: 600px)\">\n                <source srcset=\"https:\/\/www.lartisien.com\/blog\/wp-content\/uploads\/2023\/10\/1-768x512.jpg\" media=\"(min-width: 100px)\">\n                <img decoding=\"async\" style=\"\" loading=\"lazy\" class=\"img-1\" src=\"https:\/\/www.lartisien.com\/blog\/wp-content\/uploads\/2023\/10\/1-1024x682.jpg\" alt=\"\" \/>\n            <\/picture>    <\/div>\r\n        <div class=\"image-container img-2\">\r\n        <picture class=\"img-2\">\n                <source srcset=\"https:\/\/www.lartisien.com\/blog\/wp-content\/uploads\/2023\/10\/3.jpeg\" media=\"(min-width: 1400px)\">\n                <source srcset=\"https:\/\/www.lartisien.com\/blog\/wp-content\/uploads\/2023\/10\/3-1536x1023.jpeg\" media=\"(min-width: 1000px)\">\n                <source srcset=\"https:\/\/www.lartisien.com\/blog\/wp-content\/uploads\/2023\/10\/3-1024x682.jpeg\" media=\"(min-width: 600px)\">\n                <source srcset=\"https:\/\/www.lartisien.com\/blog\/wp-content\/uploads\/2023\/10\/3-768x512.jpeg\" media=\"(min-width: 100px)\">\n                <img decoding=\"async\" style=\"\" loading=\"lazy\" class=\"img-2\" src=\"https:\/\/www.lartisien.com\/blog\/wp-content\/uploads\/2023\/10\/3-1024x682.jpeg\" alt=\"\" \/>\n            <\/picture>    <\/div>\r\n        <div class=\"image-container img-3\">\r\n        <picture class=\"img-3\">\n                <source srcset=\"https:\/\/www.lartisien.com\/blog\/wp-content\/uploads\/2023\/10\/2.jpeg\" media=\"(min-width: 1400px)\">\n                <source srcset=\"https:\/\/www.lartisien.com\/blog\/wp-content\/uploads\/2023\/10\/2-1023x1536.jpeg\" media=\"(min-width: 1000px)\">\n                <source srcset=\"https:\/\/www.lartisien.com\/blog\/wp-content\/uploads\/2023\/10\/2-682x1024.jpeg\" media=\"(min-width: 600px)\">\n                <source srcset=\"https:\/\/www.lartisien.com\/blog\/wp-content\/uploads\/2023\/10\/2-768x1153.jpeg\" media=\"(min-width: 100px)\">\n                <img decoding=\"async\" style=\"\" loading=\"lazy\" class=\"img-3\" src=\"https:\/\/www.lartisien.com\/blog\/wp-content\/uploads\/2023\/10\/2-682x1024.jpeg\" alt=\"\" \/>\n            <\/picture>    <\/div>\r\n    <\/section>\r\n\n\n<section class=\"important-information\">\r\n    <p class=\"p--4 important-information-header\"><\/p>\r\n    <div class=\"p--5 important-information-content\"><p><strong>Address: <\/strong>Av. Isaac Newton 55, Polanco, Polanco IV Secc, Miguel Hidalgo, 11560 Ciudad de M\u00e9xico, CDMX.<\/p>\n<p><strong>Opening hours: <\/strong>Every day except Sunday &#8211; 12:30 pm to midnight.<\/p>\n<\/div>\r\n<\/section>\n\n\n<h2>Day 5 in Mexico City<\/h2>\n\n\n\n<h3>National Museum of Anthropology<\/h3>\n\n\n\n<p>Inaugurated in 1964, the National Museum of Anthropology in Mexico City was designed to capture the country&#8217;s cultural and ethnic diversity. It houses a vast collection of artefacts and exhibits illustrating the history of Mexico&#8217;s indigenous populations. Visit to admire the famous &#8220;Stone of the Sun&#8221;, also known as the Aztec calendar.<\/p>\n\n\n\r\n<section class=\"image-grid image-grid-4 fifty-fifty-grid\">\r\n        <div class=\"image-container img-1\">\r\n        <picture class=\"img-1\">\n                <source srcset=\"https:\/\/www.lartisien.com\/blog\/wp-content\/uploads\/2023\/09\/Museo-Nacional-de-Antropologia_2.jpeg\" media=\"(min-width: 1400px)\">\n                <source srcset=\"https:\/\/www.lartisien.com\/blog\/wp-content\/uploads\/2023\/09\/Museo-Nacional-de-Antropologia_2-1536x1024.jpeg\" media=\"(min-width: 1000px)\">\n                <source srcset=\"https:\/\/www.lartisien.com\/blog\/wp-content\/uploads\/2023\/09\/Museo-Nacional-de-Antropologia_2-1024x682.jpeg\" media=\"(min-width: 600px)\">\n                <source srcset=\"https:\/\/www.lartisien.com\/blog\/wp-content\/uploads\/2023\/09\/Museo-Nacional-de-Antropologia_2-768x512.jpeg\" media=\"(min-width: 100px)\">\n                <img decoding=\"async\" style=\"\" loading=\"lazy\" class=\"img-1\" src=\"https:\/\/www.lartisien.com\/blog\/wp-content\/uploads\/2023\/09\/Museo-Nacional-de-Antropologia_2-1024x682.jpeg\" alt=\"\" \/>\n            <\/picture>    <\/div>\r\n        <div class=\"image-container img-2\">\r\n        <picture class=\"img-2\">\n                <source srcset=\"https:\/\/www.lartisien.com\/blog\/wp-content\/uploads\/2023\/09\/Museo-Nacional-de-Antropologia.jpeg\" media=\"(min-width: 1400px)\">\n                <source srcset=\"https:\/\/www.lartisien.com\/blog\/wp-content\/uploads\/2023\/09\/Museo-Nacional-de-Antropologia-1536x1024.jpeg\" media=\"(min-width: 1000px)\">\n                <source srcset=\"https:\/\/www.lartisien.com\/blog\/wp-content\/uploads\/2023\/09\/Museo-Nacional-de-Antropologia-1024x682.jpeg\" media=\"(min-width: 600px)\">\n                <source srcset=\"https:\/\/www.lartisien.com\/blog\/wp-content\/uploads\/2023\/09\/Museo-Nacional-de-Antropologia-768x512.jpeg\" media=\"(min-width: 100px)\">\n                <img decoding=\"async\" style=\"\" loading=\"lazy\" class=\"img-2\" src=\"https:\/\/www.lartisien.com\/blog\/wp-content\/uploads\/2023\/09\/Museo-Nacional-de-Antropologia-1024x682.jpeg\" alt=\"\" \/>\n            <\/picture>    <\/div>\r\n        <div class=\"image-container img-3\">\r\n        <picture class=\"img-3\">\n                <source srcset=\"https:\/\/www.lartisien.com\/blog\/wp-content\/uploads\/2023\/09\/Museo-Nacional-de-Antropologia_2.jpg\" media=\"(min-width: 1400px)\">\n                <source srcset=\"https:\/\/www.lartisien.com\/blog\/wp-content\/uploads\/2023\/09\/Museo-Nacional-de-Antropologia_2-1536x1024.jpg\" media=\"(min-width: 1000px)\">\n                <source srcset=\"https:\/\/www.lartisien.com\/blog\/wp-content\/uploads\/2023\/09\/Museo-Nacional-de-Antropologia_2-1024x682.jpg\" media=\"(min-width: 600px)\">\n                <source srcset=\"https:\/\/www.lartisien.com\/blog\/wp-content\/uploads\/2023\/09\/Museo-Nacional-de-Antropologia_2-768x512.jpg\" media=\"(min-width: 100px)\">\n                <img decoding=\"async\" style=\"\" loading=\"lazy\" class=\"img-3\" src=\"https:\/\/www.lartisien.com\/blog\/wp-content\/uploads\/2023\/09\/Museo-Nacional-de-Antropologia_2-1024x682.jpg\" alt=\"\" \/>\n            <\/picture>    <\/div>\r\n        <div class=\"image-container img-4\">\r\n        <picture class=\"img-4\">\n                <source srcset=\"https:\/\/www.lartisien.com\/blog\/wp-content\/uploads\/2023\/09\/Museo-Nacional-de-Antropologia_3.jpeg\" media=\"(min-width: 1400px)\">\n                <source srcset=\"https:\/\/www.lartisien.com\/blog\/wp-content\/uploads\/2023\/09\/Museo-Nacional-de-Antropologia_3-1536x1028.jpeg\" media=\"(min-width: 1000px)\">\n                <source srcset=\"https:\/\/www.lartisien.com\/blog\/wp-content\/uploads\/2023\/09\/Museo-Nacional-de-Antropologia_3-1024x686.jpeg\" media=\"(min-width: 600px)\">\n                <source srcset=\"https:\/\/www.lartisien.com\/blog\/wp-content\/uploads\/2023\/09\/Museo-Nacional-de-Antropologia_3-768x514.jpeg\" media=\"(min-width: 100px)\">\n                <img decoding=\"async\" style=\"\" loading=\"lazy\" class=\"img-4\" src=\"https:\/\/www.lartisien.com\/blog\/wp-content\/uploads\/2023\/09\/Museo-Nacional-de-Antropologia_3-1024x686.jpeg\" alt=\"\" \/>\n            <\/picture>    <\/div>\r\n    <\/section>\r\n\n\n\n<p>A tour of this landmark museum can also be made through Lartisien with an Immersion in collaboration with Carlota Perez-Jofre, an art expert who has long collaborated with artists and institutions in Paris, Madrid and Mexico. Lartisien offers two immersion options for travellers wishing to deepen their knowledge of the Mexican art scene: either a tour of three art galleries, with a stop at Panaderia Rosetta or Lardo Caf\u00e9; or a visit to two of Luis Barragan&#8217;s houses, as well as discovering the National Museum of Anthropology or the Jumex Museum, which houses one of the most important private collections of contemporary art in Latin America.<\/p>\n\n\n\r\n<section class=\"image-grid image-grid-1 fifty-fifty-grid\">\r\n        <div class=\"image-container img-1\">\r\n        <picture class=\"img-1\">\n                <source srcset=\"https:\/\/www.lartisien.com\/blog\/wp-content\/uploads\/2023\/10\/AdobeStock_242753453.jpeg\" media=\"(min-width: 1400px)\">\n                <source srcset=\"https:\/\/www.lartisien.com\/blog\/wp-content\/uploads\/2023\/10\/AdobeStock_242753453-1536x1024.jpeg\" media=\"(min-width: 1000px)\">\n                <source srcset=\"https:\/\/www.lartisien.com\/blog\/wp-content\/uploads\/2023\/10\/AdobeStock_242753453-1024x682.jpeg\" media=\"(min-width: 600px)\">\n                <source srcset=\"https:\/\/www.lartisien.com\/blog\/wp-content\/uploads\/2023\/10\/AdobeStock_242753453-768x512.jpeg\" media=\"(min-width: 100px)\">\n                <img decoding=\"async\" style=\"\" loading=\"lazy\" class=\"img-1\" src=\"https:\/\/www.lartisien.com\/blog\/wp-content\/uploads\/2023\/10\/AdobeStock_242753453-1024x682.jpeg\" alt=\"\" \/>\n            <\/picture>    <\/div>\r\n    <\/section>\r\n\n\n<section class=\"important-information\">\r\n    <p class=\"p--4 important-information-header\"><\/p>\r\n    <div class=\"p--5 important-information-content\"><p><strong>Address: <\/strong>Av. P.\u00ba de la Reforma s\/n, Polanco, Bosque de Chapultepec I Secc, Miguel Hidalgo, 11560 Ciudad de M\u00e9xico, CDMX.<\/p>\n<p><strong>Opening hours: <\/strong>Every day except Monday &#8211; 9 am. to 6 pm.<\/p>\n<\/div>\r\n<\/section>\n\n\n<h3>Lunch at Dulce Patria<\/h3>\n\n\n\n<p>Less than a 30-minute walk from the National Museum of Anthropology stands the Dulce Patria restaurant. Its pink fa\u00e7ade, floral accents and gallery-like atmosphere set the stage for chef Martha Ortiz&#8217;s haute Mexican cuisine. Here, each dish is crafted like a work of art, bringing together amazing flavours and colours, whether it&#8217;s the pink mole, the soft-shell crab or the seafood stew. The fusion of chef Martha Ortiz&#8217;s culinary creativity and the restaurant&#8217;s distinctive atmosphere make it an unmissable stop on any visit to Mexico City.<\/p>\n\n\n<section class=\"important-information\">\r\n    <p class=\"p--4 important-information-header\"><\/p>\r\n    <div class=\"p--5 important-information-content\"><p><strong>Address: <\/strong>Anatole France 100, Polanco, Polanco III Secc, Miguel Hidalgo, 11560 Ciudad de M\u00e9xico, CDMX.<\/p>\n<\/div>\r\n<\/section>\n\n\n<h3>Casa Luis Barragan<\/h3>\n\n\n\n<p>Casa Luis Barrag\u00e1n, about a 10-minute drive away from the restaurant, is the former residence of architect Luis Barrag\u00e1n where he lived until his death in 1988. It is a major icon of contemporary architecture, being the only detached property in Latin America to have received the honour of being listed as a UNESCO World Heritage Site. The residence is also preserved in pristine condition and attracts architects and art enthusiasts the world over. It is one of Mexico City&#8217;s most visited sites.<\/p>\n\n\n\r\n<section class=\"image-grid image-grid-2 fifty-fifty-grid\">\r\n        <div class=\"image-container img-1\">\r\n        <picture class=\"img-1\">\n                <source srcset=\"https:\/\/www.lartisien.com\/blog\/wp-content\/uploads\/2023\/10\/AdobeStock_237956758.jpeg\" media=\"(min-width: 1400px)\">\n                <source srcset=\"https:\/\/www.lartisien.com\/blog\/wp-content\/uploads\/2023\/10\/AdobeStock_237956758-1024x1536.jpeg\" media=\"(min-width: 1000px)\">\n                <source srcset=\"https:\/\/www.lartisien.com\/blog\/wp-content\/uploads\/2023\/10\/AdobeStock_237956758-683x1024.jpeg\" media=\"(min-width: 600px)\">\n                <source srcset=\"https:\/\/www.lartisien.com\/blog\/wp-content\/uploads\/2023\/10\/AdobeStock_237956758-768x1152.jpeg\" media=\"(min-width: 100px)\">\n                <img decoding=\"async\" style=\"\" loading=\"lazy\" class=\"img-1\" src=\"https:\/\/www.lartisien.com\/blog\/wp-content\/uploads\/2023\/10\/AdobeStock_237956758-683x1024.jpeg\" alt=\"\" \/>\n            <\/picture>    <\/div>\r\n        <div class=\"image-container img-2\">\r\n        <picture class=\"img-2\">\n                <source srcset=\"https:\/\/www.lartisien.com\/blog\/wp-content\/uploads\/2023\/10\/AdobeStock_535306363.jpeg\" media=\"(min-width: 1400px)\">\n                <source srcset=\"https:\/\/www.lartisien.com\/blog\/wp-content\/uploads\/2023\/10\/AdobeStock_535306363-1018x1536.jpeg\" media=\"(min-width: 1000px)\">\n                <source srcset=\"https:\/\/www.lartisien.com\/blog\/wp-content\/uploads\/2023\/10\/AdobeStock_535306363-679x1024.jpeg\" media=\"(min-width: 600px)\">\n                <source srcset=\"https:\/\/www.lartisien.com\/blog\/wp-content\/uploads\/2023\/10\/AdobeStock_535306363-768x1158.jpeg\" media=\"(min-width: 100px)\">\n                <img decoding=\"async\" style=\"\" loading=\"lazy\" class=\"img-2\" src=\"https:\/\/www.lartisien.com\/blog\/wp-content\/uploads\/2023\/10\/AdobeStock_535306363-679x1024.jpeg\" alt=\"\" \/>\n            <\/picture>    <\/div>\r\n    <\/section>\r\n\n\n\n\n<section class=\"important-information\">\r\n    <p class=\"p--4 important-information-header\"><\/p>\r\n    <div class=\"p--5 important-information-content\"><p><strong>Address: <\/strong>Gral. Francisco Ram\u00edrez 12, Ampliaci\u00f3n Daniel Garza, Amp Daniel Garza, Miguel Hidalgo, 11840 Ciudad de M\u00e9xico, CDMX.<\/p>\n<p><strong>Opening hours: <\/strong>Monday, Tuesday, Wednesday and Friday &#8211; 11:20 am to 5 pm.<\/p>\n<p>Thursday &#8211; 1 pm to 4 pm.<\/p>\n<p>Saturday &#8211; 11 am to 2 pm.<\/p>\n<p>Sunday &#8211; closed.<\/p>\n<\/div>\r\n<\/section>\n\n\n<h3>Dinner at M\u00e1ximo Bistrot<\/h3>\n\n\n\n<p>M\u00e1ximo Bistrot&#8217;s approach to its menu is focused on locality and sustainability, for ingredients but also furniture and tableware. Everything in the restaurant is fair trade and locally sourced. So, in a vast space imagined in a simple industrial style with plants, candles and soft lighting, diners can enjoy the cuisine of Chef Eduardo Garc\u00eda. His menu changes with the availability of ingredients, and highlights include his signature organic roast chicken or pan-fried tuna with artichoke pur\u00e9e.<\/p>\n\n\n\r\n<section class=\"image-grid image-grid-3 forty-sixty-grid\">\r\n        <div class=\"image-container img-1\">\r\n        <picture class=\"img-1\">\n                <source srcset=\"https:\/\/www.lartisien.com\/blog\/wp-content\/uploads\/2023\/10\/CreC38CC281dito20Alejandro20Yanes203.jpg\" media=\"(min-width: 1400px)\">\n                <source srcset=\"https:\/\/www.lartisien.com\/blog\/wp-content\/uploads\/2023\/10\/CreC38CC281dito20Alejandro20Yanes203-1536x1025.jpg\" media=\"(min-width: 1000px)\">\n                <source srcset=\"https:\/\/www.lartisien.com\/blog\/wp-content\/uploads\/2023\/10\/CreC38CC281dito20Alejandro20Yanes203-1024x683.jpg\" media=\"(min-width: 600px)\">\n                <source srcset=\"https:\/\/www.lartisien.com\/blog\/wp-content\/uploads\/2023\/10\/CreC38CC281dito20Alejandro20Yanes203-768x512.jpg\" media=\"(min-width: 100px)\">\n                <img decoding=\"async\" style=\"\" loading=\"lazy\" class=\"img-1\" src=\"https:\/\/www.lartisien.com\/blog\/wp-content\/uploads\/2023\/10\/CreC38CC281dito20Alejandro20Yanes203-1024x683.jpg\" alt=\"\" \/>\n            <\/picture>    <\/div>\r\n        <div class=\"image-container img-2\">\r\n        <picture class=\"img-2\">\n                <source srcset=\"https:\/\/www.lartisien.com\/blog\/wp-content\/uploads\/2023\/10\/Bacalao20negro20al20miso20y20pico20de20gallo20CreC38CC281dito20Alejandro20Yanes.jpg\" media=\"(min-width: 1400px)\">\n                <source srcset=\"https:\/\/www.lartisien.com\/blog\/wp-content\/uploads\/2023\/10\/Bacalao20negro20al20miso20y20pico20de20gallo20CreC38CC281dito20Alejandro20Yanes-1536x1025.jpg\" media=\"(min-width: 1000px)\">\n                <source srcset=\"https:\/\/www.lartisien.com\/blog\/wp-content\/uploads\/2023\/10\/Bacalao20negro20al20miso20y20pico20de20gallo20CreC38CC281dito20Alejandro20Yanes-1024x683.jpg\" media=\"(min-width: 600px)\">\n                <source srcset=\"https:\/\/www.lartisien.com\/blog\/wp-content\/uploads\/2023\/10\/Bacalao20negro20al20miso20y20pico20de20gallo20CreC38CC281dito20Alejandro20Yanes-768x512.jpg\" media=\"(min-width: 100px)\">\n                <img decoding=\"async\" style=\"\" loading=\"lazy\" class=\"img-2\" src=\"https:\/\/www.lartisien.com\/blog\/wp-content\/uploads\/2023\/10\/Bacalao20negro20al20miso20y20pico20de20gallo20CreC38CC281dito20Alejandro20Yanes-1024x683.jpg\" alt=\"\" \/>\n            <\/picture>    <\/div>\r\n        <div class=\"image-container img-3\">\r\n        <picture class=\"img-3\">\n                <source srcset=\"https:\/\/www.lartisien.com\/blog\/wp-content\/uploads\/2023\/10\/Tostada20de20callo20de20hacha20CrC383C2A9dito20Alejandro20Yanes.jpg\" media=\"(min-width: 1400px)\">\n                <source srcset=\"https:\/\/www.lartisien.com\/blog\/wp-content\/uploads\/2023\/10\/Tostada20de20callo20de20hacha20CrC383C2A9dito20Alejandro20Yanes-1025x1536.jpg\" media=\"(min-width: 1000px)\">\n                <source srcset=\"https:\/\/www.lartisien.com\/blog\/wp-content\/uploads\/2023\/10\/Tostada20de20callo20de20hacha20CrC383C2A9dito20Alejandro20Yanes-683x1024.jpg\" media=\"(min-width: 600px)\">\n                <source srcset=\"https:\/\/www.lartisien.com\/blog\/wp-content\/uploads\/2023\/10\/Tostada20de20callo20de20hacha20CrC383C2A9dito20Alejandro20Yanes-768x1151.jpg\" media=\"(min-width: 100px)\">\n                <img decoding=\"async\" style=\"\" loading=\"lazy\" class=\"img-3\" src=\"https:\/\/www.lartisien.com\/blog\/wp-content\/uploads\/2023\/10\/Tostada20de20callo20de20hacha20CrC383C2A9dito20Alejandro20Yanes-683x1024.jpg\" alt=\"\" \/>\n            <\/picture>    <\/div>\r\n    <\/section>\r\n\n\n<section class=\"important-information\">\r\n    <p class=\"p--4 important-information-header\"><\/p>\r\n    <div class=\"p--5 important-information-content\"><p><strong>Address: <\/strong>Av. \u00c1lvaro Obreg\u00f3n 65 Bis, Roma Nte., Cuauht\u00e9moc, 06700 Ciudad de M\u00e9xico, CDMX.<\/p>\n<p><strong>Opening hours:<\/strong>Monday to Saturday &#8211; 1 pm to 11 pm.<\/p>\n<\/div>\r\n<\/section>\n\n\n<h2>Day 6 in Mexico City<\/h2>\n\n\n\n<h3>The canals of Xochimilco<\/h3>\n\n\n\n<p>South of Mexico City is a modest neighbourhood with the famous Xochimilco canals &#8211; the last remnants of a vast network of waterways built by the Aztecs, on which multicoloured boats now offer cruises to travellers.<\/p>\n\n\n\r\n<section class=\"image-grid image-grid-2 forty-sixty-grid\">\r\n        <div class=\"image-container img-1\">\r\n        <picture class=\"img-1\">\n                <source srcset=\"https:\/\/www.lartisien.com\/blog\/wp-content\/uploads\/2023\/09\/Xochimilco.jpeg\" media=\"(min-width: 1400px)\">\n                <source srcset=\"https:\/\/www.lartisien.com\/blog\/wp-content\/uploads\/2023\/09\/Xochimilco-1536x1115.jpeg\" media=\"(min-width: 1000px)\">\n                <source srcset=\"https:\/\/www.lartisien.com\/blog\/wp-content\/uploads\/2023\/09\/Xochimilco-1024x743.jpeg\" media=\"(min-width: 600px)\">\n                <source srcset=\"https:\/\/www.lartisien.com\/blog\/wp-content\/uploads\/2023\/09\/Xochimilco-768x558.jpeg\" media=\"(min-width: 100px)\">\n                <img decoding=\"async\" style=\"\" loading=\"lazy\" class=\"img-1\" src=\"https:\/\/www.lartisien.com\/blog\/wp-content\/uploads\/2023\/09\/Xochimilco-1024x743.jpeg\" alt=\"\" \/>\n            <\/picture>    <\/div>\r\n        <div class=\"image-container img-2\">\r\n        <picture class=\"img-2\">\n                <source srcset=\"https:\/\/www.lartisien.com\/blog\/wp-content\/uploads\/2023\/09\/Xochimilco_2.jpeg\" media=\"(min-width: 1400px)\">\n                <source srcset=\"https:\/\/www.lartisien.com\/blog\/wp-content\/uploads\/2023\/09\/Xochimilco_2-1536x1024.jpeg\" media=\"(min-width: 1000px)\">\n                <source srcset=\"https:\/\/www.lartisien.com\/blog\/wp-content\/uploads\/2023\/09\/Xochimilco_2-1024x682.jpeg\" media=\"(min-width: 600px)\">\n                <source srcset=\"https:\/\/www.lartisien.com\/blog\/wp-content\/uploads\/2023\/09\/Xochimilco_2-768x512.jpeg\" media=\"(min-width: 100px)\">\n                <img decoding=\"async\" style=\"\" loading=\"lazy\" class=\"img-2\" src=\"https:\/\/www.lartisien.com\/blog\/wp-content\/uploads\/2023\/09\/Xochimilco_2-1024x682.jpeg\" alt=\"\" \/>\n            <\/picture>    <\/div>\r\n    <\/section>\r\n\n\n\n<p>Together with historian Angeles Gonzales Gamio, Lartisien offers an immersive tour of this mythical area, starting with the canals of Xochimilco and its chinampas, an ancient agricultural method used by the Aztecs. The tour continues on to the Dolores Olmedo Museum to see one of the most important collections of artworks by Diego Rivera and Frida Khalo, before visiting the university and finishing with lunch in the magnificent colonial district of Coyoac\u00e1n.<\/p>\n\n\n\r\n<section class=\"image-grid image-grid-1 forty-sixty-grid\">\r\n        <div class=\"image-container img-1\">\r\n        <picture class=\"img-1\">\n                <source srcset=\"https:\/\/www.lartisien.com\/blog\/wp-content\/uploads\/2023\/10\/Coyoac25C325A1n.jpeg\" media=\"(min-width: 1400px)\">\n                <source srcset=\"https:\/\/www.lartisien.com\/blog\/wp-content\/uploads\/2023\/10\/Coyoac25C325A1n-1536x1024.jpeg\" media=\"(min-width: 1000px)\">\n                <source srcset=\"https:\/\/www.lartisien.com\/blog\/wp-content\/uploads\/2023\/10\/Coyoac25C325A1n-1024x682.jpeg\" media=\"(min-width: 600px)\">\n                <source srcset=\"https:\/\/www.lartisien.com\/blog\/wp-content\/uploads\/2023\/10\/Coyoac25C325A1n-768x512.jpeg\" media=\"(min-width: 100px)\">\n                <img decoding=\"async\" style=\"\" loading=\"lazy\" class=\"img-1\" src=\"https:\/\/www.lartisien.com\/blog\/wp-content\/uploads\/2023\/10\/Coyoac25C325A1n-1024x682.jpeg\" alt=\"\" \/>\n            <\/picture>    <\/div>\r\n    <\/section>\r\n\n\n\n<h3>Lunch at Sud 777<\/h3>\n\n\n\n<p>After a tour of Xochimilco&#8217;s canals, Sud 777 is another wonderful restaurant for lunch, in the Pedregal district, less than 30 minutes away by car. The restaurant offers a warm interior with lots of woods and a pleasant outdoor terrace where one can enjoy an excellent 16-course menu by chef Edgar N\u00fa\u00f1ez.<\/p>\n\n\n<section class=\"important-information\">\r\n    <p class=\"p--4 important-information-header\"><\/p>\r\n    <div class=\"p--5 important-information-content\"><p><strong>Address: <\/strong>Blvrd de la Luz 777, Jardines del Pedregal, \u00c1lvaro Obreg\u00f3n, 01900 Ciudad de M\u00e9xico, CDMX.<\/p>\n<p><strong>Opening hours: <\/strong>Monday to Wednesday &#8211; 8 am to 11 pm.<\/p>\n<p>Thursday to Saturday &#8211; 8 am to midnight.<\/p>\n<p>Sunday &#8211; 8 am to 5:30 pm.<\/p>\n<\/div>\r\n<\/section>\n\n\n<h3>Museo Anahuacalli<\/h3>\n\n\n\n<p>In Coyoac\u00e1n, south of Mexico City, Museo Anahuacalli was designed by Diego Rivera and now houses an impressive collection of ancient Mexican artefacts. It was completed in 1964, and conceived by Rivera as a sort of artistic city. Visit it for its architecture blending pre-Hispanic and contemporary aesthetics, with simple forms, clean lines and stone surfaces. The museum has a permanent exhibition and then regularly organizes temporary exhibits by contemporary Mexican artists.<\/p>\n\n\n\r\n<section class=\"image-grid image-grid-1 forty-sixty-grid\">\r\n        <div class=\"image-container img-1\">\r\n        <picture class=\"img-1\">\n                <source srcset=\"https:\/\/www.lartisien.com\/blog\/wp-content\/uploads\/2023\/09\/Anahuacalli.jpeg\" media=\"(min-width: 1400px)\">\n                <source srcset=\"https:\/\/www.lartisien.com\/blog\/wp-content\/uploads\/2023\/09\/Anahuacalli-1536x1025.jpeg\" media=\"(min-width: 1000px)\">\n                <source srcset=\"https:\/\/www.lartisien.com\/blog\/wp-content\/uploads\/2023\/09\/Anahuacalli-1024x684.jpeg\" media=\"(min-width: 600px)\">\n                <source srcset=\"https:\/\/www.lartisien.com\/blog\/wp-content\/uploads\/2023\/09\/Anahuacalli-768x513.jpeg\" media=\"(min-width: 100px)\">\n                <img decoding=\"async\" style=\"\" loading=\"lazy\" class=\"img-1\" src=\"https:\/\/www.lartisien.com\/blog\/wp-content\/uploads\/2023\/09\/Anahuacalli-1024x684.jpeg\" alt=\"\" \/>\n            <\/picture>    <\/div>\r\n    <\/section>\r\n\n\n<section class=\"important-information\">\r\n    <p class=\"p--4 important-information-header\"><\/p>\r\n    <div class=\"p--5 important-information-content\"><p><strong>Address: <\/strong>Museo 150, San Pablo Tepetlapa, Coyoac\u00e1n, 04620 Ciudad de M\u00e9xico, CDMX.<\/p>\n<p><strong>Opening hours: <\/strong>Tuesday to Sunday &#8211; 11 am to 5:30 pm.<\/p>\n<\/div>\r\n<\/section>\n\n\n<h3>Dining at Contramar<\/h3>\n\n\n\n<p>In the heart of Mexico City, Contramar stands out as one of Mexico City&#8217;s culinary gems with its friendly atmosphere. Chef Gabriela C\u00e1mara &#8211; culinary advisor to the Mexican president &#8211; is renowned for serving the best seafood in Mexico City. Seafood lovers can choose from a selection of specialities, including the iconic ceviche or the famous &#8220;pescado a la talla&#8221;, a whole grilled fish topped with two sauces, green and red.<\/p>\n\n\n\r\n<section class=\"image-grid image-grid-2 fifty-fifty-grid\">\r\n        <div class=\"image-container img-1\">\r\n        <picture class=\"img-1\">\n                <source srcset=\"https:\/\/www.lartisien.com\/blog\/wp-content\/uploads\/2023\/10\/Aguachile20de20camarC3B3n.jpg\" media=\"(min-width: 1400px)\">\n                <source srcset=\"https:\/\/www.lartisien.com\/blog\/wp-content\/uploads\/2023\/10\/Aguachile20de20camarC3B3n-1246x1536.jpg\" media=\"(min-width: 1000px)\">\n                <source srcset=\"https:\/\/www.lartisien.com\/blog\/wp-content\/uploads\/2023\/10\/Aguachile20de20camarC3B3n-830x1024.jpg\" media=\"(min-width: 600px)\">\n                <source srcset=\"https:\/\/www.lartisien.com\/blog\/wp-content\/uploads\/2023\/10\/Aguachile20de20camarC3B3n-768x947.jpg\" media=\"(min-width: 100px)\">\n                <img decoding=\"async\" style=\"\" loading=\"lazy\" class=\"img-1\" src=\"https:\/\/www.lartisien.com\/blog\/wp-content\/uploads\/2023\/10\/Aguachile20de20camarC3B3n-830x1024.jpg\" alt=\"\" \/>\n            <\/picture>    <\/div>\r\n        <div class=\"image-container img-2\">\r\n        <picture class=\"img-2\">\n                <source srcset=\"https:\/\/www.lartisien.com\/blog\/wp-content\/uploads\/2023\/10\/Pescado20a20la20talla.jpg\" media=\"(min-width: 1400px)\">\n                <source srcset=\"https:\/\/www.lartisien.com\/blog\/wp-content\/uploads\/2023\/10\/Pescado20a20la20talla-1025x1536.jpg\" media=\"(min-width: 1000px)\">\n                <source srcset=\"https:\/\/www.lartisien.com\/blog\/wp-content\/uploads\/2023\/10\/Pescado20a20la20talla-683x1024.jpg\" media=\"(min-width: 600px)\">\n                <source srcset=\"https:\/\/www.lartisien.com\/blog\/wp-content\/uploads\/2023\/10\/Pescado20a20la20talla-768x1151.jpg\" media=\"(min-width: 100px)\">\n                <img decoding=\"async\" style=\"\" loading=\"lazy\" class=\"img-2\" src=\"https:\/\/www.lartisien.com\/blog\/wp-content\/uploads\/2023\/10\/Pescado20a20la20talla-683x1024.jpg\" alt=\"\" \/>\n            <\/picture>    <\/div>\r\n    <\/section>\r\n\n\n<section class=\"important-information\">\r\n    <p class=\"p--4 important-information-header\"><\/p>\r\n    <div class=\"p--5 important-information-content\"><p><strong>Address: <\/strong>Calle de Durango 200, Roma Nte., Cuauht\u00e9moc, 06700 Ciudad de M\u00e9xico, CDMX.<\/p>\n<p><strong>Opening hours: <\/strong>Monday to Friday &#8211; noon to 8 pm.<\/p>\n<p>Saturday and Sunday &#8211; 11 am to 8 pm.<\/p>\n<\/div>\r\n<\/section>\n\n\n<h2>Stay at The Ritz-Carlton, Mexico City<\/h2>\n\n\n\n<p>Located on Paseo de la Reforma, the city&#8217;s most prestigious avenue, The Ritz-Carlton, Mexico City is also at the intersection of the city&#8217;s best neighbourhoods (Cuauht\u00e9moc, Roma and Condesa), and in front of the fabulous Chapultepec Park. The hotel is housed in one of the city&#8217;s newest and most modern buildings, in a majestic glass tower that offers guests an unrivalled view over the city.<\/p>\n\n\n\r\n<section class=\"image-grid image-grid-2 fifty-fifty-grid\">\r\n        <div class=\"image-container img-1\">\r\n        <picture class=\"img-1\">\n                <source srcset=\"https:\/\/www.lartisien.com\/blog\/wp-content\/uploads\/2023\/10\/103364-root-exteriors-front-facade.jpeg\" media=\"(min-width: 1400px)\">\n                <source srcset=\"https:\/\/www.lartisien.com\/blog\/wp-content\/uploads\/2023\/10\/103364-root-exteriors-front-facade-1536x1024.jpeg\" media=\"(min-width: 1000px)\">\n                <source srcset=\"https:\/\/www.lartisien.com\/blog\/wp-content\/uploads\/2023\/10\/103364-root-exteriors-front-facade-1024x682.jpeg\" media=\"(min-width: 600px)\">\n                <source srcset=\"https:\/\/www.lartisien.com\/blog\/wp-content\/uploads\/2023\/10\/103364-root-exteriors-front-facade-768x512.jpeg\" media=\"(min-width: 100px)\">\n                <img decoding=\"async\" style=\"\" loading=\"lazy\" class=\"img-1\" src=\"https:\/\/www.lartisien.com\/blog\/wp-content\/uploads\/2023\/10\/103364-root-exteriors-front-facade-1024x682.jpeg\" alt=\"\" \/>\n            <\/picture>    <\/div>\r\n        <div class=\"image-container img-2\">\r\n        <picture class=\"img-2\">\n                <source srcset=\"https:\/\/www.lartisien.com\/blog\/wp-content\/uploads\/2023\/10\/Helipad.jpg\" media=\"(min-width: 1400px)\">\n                <source srcset=\"https:\/\/www.lartisien.com\/blog\/wp-content\/uploads\/2023\/10\/Helipad-1536x1025.jpg\" media=\"(min-width: 1000px)\">\n                <source srcset=\"https:\/\/www.lartisien.com\/blog\/wp-content\/uploads\/2023\/10\/Helipad-1024x683.jpg\" media=\"(min-width: 600px)\">\n                <source srcset=\"https:\/\/www.lartisien.com\/blog\/wp-content\/uploads\/2023\/10\/Helipad-768x512.jpg\" media=\"(min-width: 100px)\">\n                <img decoding=\"async\" style=\"\" loading=\"lazy\" class=\"img-2\" src=\"https:\/\/www.lartisien.com\/blog\/wp-content\/uploads\/2023\/10\/Helipad-1024x683.jpg\" alt=\"\" \/>\n            <\/picture>    <\/div>\r\n    <\/section>\r\n\n\n\n<p>Here, every space inside is a testament to the sophistication of The Ritz-Carlton group, with clean lines, an abundance of marble, velvet and wood and sublime pendant lights, modern fixtures and large mirrors that sit alongside designer furniture and various decorative objects.<\/p>\n\n\n\r\n<section class=\"image-grid image-grid-2 fifty-fifty-grid\">\r\n        <div class=\"image-container img-1\">\r\n        <picture class=\"img-1\">\n                <source srcset=\"https:\/\/www.lartisien.com\/blog\/wp-content\/uploads\/2023\/10\/LOBBY.jpg\" media=\"(min-width: 1400px)\">\n                <source srcset=\"https:\/\/www.lartisien.com\/blog\/wp-content\/uploads\/2023\/10\/LOBBY-1536x1025.jpg\" media=\"(min-width: 1000px)\">\n                <source srcset=\"https:\/\/www.lartisien.com\/blog\/wp-content\/uploads\/2023\/10\/LOBBY-1024x683.jpg\" media=\"(min-width: 600px)\">\n                <source srcset=\"https:\/\/www.lartisien.com\/blog\/wp-content\/uploads\/2023\/10\/LOBBY-768x512.jpg\" media=\"(min-width: 100px)\">\n                <img decoding=\"async\" style=\"\" loading=\"lazy\" class=\"img-1\" src=\"https:\/\/www.lartisien.com\/blog\/wp-content\/uploads\/2023\/10\/LOBBY-1024x683.jpg\" alt=\"\" \/>\n            <\/picture>    <\/div>\r\n        <div class=\"image-container img-2\">\r\n        <picture class=\"img-2\">\n                <source srcset=\"https:\/\/www.lartisien.com\/blog\/wp-content\/uploads\/2023\/10\/Secondary.jpg\" media=\"(min-width: 1400px)\">\n                <source srcset=\"https:\/\/www.lartisien.com\/blog\/wp-content\/uploads\/2023\/10\/Secondary-1536x1025.jpg\" media=\"(min-width: 1000px)\">\n                <source srcset=\"https:\/\/www.lartisien.com\/blog\/wp-content\/uploads\/2023\/10\/Secondary-1024x683.jpg\" media=\"(min-width: 600px)\">\n                <source srcset=\"https:\/\/www.lartisien.com\/blog\/wp-content\/uploads\/2023\/10\/Secondary-768x512.jpg\" media=\"(min-width: 100px)\">\n                <img decoding=\"async\" style=\"\" loading=\"lazy\" class=\"img-2\" src=\"https:\/\/www.lartisien.com\/blog\/wp-content\/uploads\/2023\/10\/Secondary-1024x683.jpg\" alt=\"\" \/>\n            <\/picture>    <\/div>\r\n    <\/section>\r\n\n\n\n<p>The Ritz-Carlton, Mexico City&#8217;s 153 rooms and suites feature neutral tones and clean lines, with the view as the central element of the d\u00e9cor, behind large glass walls that offer a sublime panorama of the capital. Some rooms even feature a glass balcony-terrace that gives the impression of floating above the city, an experience in itself. All rooms are also spacious and modern, with comfortable designer furnishings set on beautiful carpets, and whose blue accents echo the velvet headboards. In the bathrooms, an elegant black oval bathtub takes pride of place against floor-to-ceiling light-coloured marble.<\/p>\n\n\n\r\n<section class=\"image-grid image-grid-4 fifty-fifty-grid\">\r\n        <div class=\"image-container img-1\">\r\n        <picture class=\"img-1\">\n                <source srcset=\"https:\/\/www.lartisien.com\/blog\/wp-content\/uploads\/2023\/10\/103374-root-the-ritz-carlton-suite-terrace-bed.jpeg\" media=\"(min-width: 1400px)\">\n                <source srcset=\"https:\/\/www.lartisien.com\/blog\/wp-content\/uploads\/2023\/10\/103374-root-the-ritz-carlton-suite-terrace-bed-1536x1025.jpeg\" media=\"(min-width: 1000px)\">\n                <source srcset=\"https:\/\/www.lartisien.com\/blog\/wp-content\/uploads\/2023\/10\/103374-root-the-ritz-carlton-suite-terrace-bed-1024x683.jpeg\" media=\"(min-width: 600px)\">\n                <source srcset=\"https:\/\/www.lartisien.com\/blog\/wp-content\/uploads\/2023\/10\/103374-root-the-ritz-carlton-suite-terrace-bed-768x512.jpeg\" media=\"(min-width: 100px)\">\n                <img decoding=\"async\" style=\"\" loading=\"lazy\" class=\"img-1\" src=\"https:\/\/www.lartisien.com\/blog\/wp-content\/uploads\/2023\/10\/103374-root-the-ritz-carlton-suite-terrace-bed-1024x683.jpeg\" alt=\"\" \/>\n            <\/picture>    <\/div>\r\n        <div class=\"image-container img-2\">\r\n        <picture class=\"img-2\">\n                <source srcset=\"https:\/\/www.lartisien.com\/blog\/wp-content\/uploads\/2023\/10\/DELUXE-BATHROOM.jpg\" media=\"(min-width: 1400px)\">\n                <source srcset=\"https:\/\/www.lartisien.com\/blog\/wp-content\/uploads\/2023\/10\/DELUXE-BATHROOM-1536x1025.jpg\" media=\"(min-width: 1000px)\">\n                <source srcset=\"https:\/\/www.lartisien.com\/blog\/wp-content\/uploads\/2023\/10\/DELUXE-BATHROOM-1024x683.jpg\" media=\"(min-width: 600px)\">\n                <source srcset=\"https:\/\/www.lartisien.com\/blog\/wp-content\/uploads\/2023\/10\/DELUXE-BATHROOM-768x512.jpg\" media=\"(min-width: 100px)\">\n                <img decoding=\"async\" style=\"\" loading=\"lazy\" class=\"img-2\" src=\"https:\/\/www.lartisien.com\/blog\/wp-content\/uploads\/2023\/10\/DELUXE-BATHROOM-1024x683.jpg\" alt=\"\" \/>\n            <\/picture>    <\/div>\r\n        <div class=\"image-container img-3\">\r\n        <picture class=\"img-3\">\n                <source srcset=\"https:\/\/www.lartisien.com\/blog\/wp-content\/uploads\/2023\/10\/DELUXE-BEDROOM.jpg\" media=\"(min-width: 1400px)\">\n                <source srcset=\"https:\/\/www.lartisien.com\/blog\/wp-content\/uploads\/2023\/10\/DELUXE-BEDROOM-1536x1025.jpg\" media=\"(min-width: 1000px)\">\n                <source srcset=\"https:\/\/www.lartisien.com\/blog\/wp-content\/uploads\/2023\/10\/DELUXE-BEDROOM-1024x684.jpg\" media=\"(min-width: 600px)\">\n                <source srcset=\"https:\/\/www.lartisien.com\/blog\/wp-content\/uploads\/2023\/10\/DELUXE-BEDROOM-768x513.jpg\" media=\"(min-width: 100px)\">\n                <img decoding=\"async\" style=\"\" loading=\"lazy\" class=\"img-3\" src=\"https:\/\/www.lartisien.com\/blog\/wp-content\/uploads\/2023\/10\/DELUXE-BEDROOM-1024x684.jpg\" alt=\"\" \/>\n            <\/picture>    <\/div>\r\n        <div class=\"image-container img-4\">\r\n        <picture class=\"img-4\">\n                <source srcset=\"https:\/\/www.lartisien.com\/blog\/wp-content\/uploads\/2023\/10\/THE-RITZ-CARLTON-SUITE-LIVING-ROOM.jpg\" media=\"(min-width: 1400px)\">\n                <source srcset=\"https:\/\/www.lartisien.com\/blog\/wp-content\/uploads\/2023\/10\/THE-RITZ-CARLTON-SUITE-LIVING-ROOM-1536x1025.jpg\" media=\"(min-width: 1000px)\">\n                <source srcset=\"https:\/\/www.lartisien.com\/blog\/wp-content\/uploads\/2023\/10\/THE-RITZ-CARLTON-SUITE-LIVING-ROOM-1024x683.jpg\" media=\"(min-width: 600px)\">\n                <source srcset=\"https:\/\/www.lartisien.com\/blog\/wp-content\/uploads\/2023\/10\/THE-RITZ-CARLTON-SUITE-LIVING-ROOM-768x512.jpg\" media=\"(min-width: 100px)\">\n                <img decoding=\"async\" style=\"\" loading=\"lazy\" class=\"img-4\" src=\"https:\/\/www.lartisien.com\/blog\/wp-content\/uploads\/2023\/10\/THE-RITZ-CARLTON-SUITE-LIVING-ROOM-1024x683.jpg\" alt=\"\" \/>\n            <\/picture>    <\/div>\r\n    <\/section>\r\n\n\n\n<p>A highlight of the hotel is the SAMOS Sabores M\u00edos restaurant, which unfolds in a spacious room and where modern and Art Deco styles merge. Tables and chairs are carefully arranged near the windows, around the open kitchen or on the terrace protected by a glass wall. Together, these make for enchanting alcoves, inviting you to settle into royal blue oval armchairs.<\/p>\n\n\n\r\n<section class=\"image-grid image-grid-2 fifty-fifty-grid\">\r\n        <div class=\"image-container img-1\">\r\n        <picture class=\"img-1\">\n                <source srcset=\"https:\/\/www.lartisien.com\/blog\/wp-content\/uploads\/2023\/10\/SAMOS-TERRACE.jpg\" media=\"(min-width: 1400px)\">\n                <source srcset=\"https:\/\/www.lartisien.com\/blog\/wp-content\/uploads\/2023\/10\/SAMOS-TERRACE-1536x1025.jpg\" media=\"(min-width: 1000px)\">\n                <source srcset=\"https:\/\/www.lartisien.com\/blog\/wp-content\/uploads\/2023\/10\/SAMOS-TERRACE-1024x683.jpg\" media=\"(min-width: 600px)\">\n                <source srcset=\"https:\/\/www.lartisien.com\/blog\/wp-content\/uploads\/2023\/10\/SAMOS-TERRACE-768x512.jpg\" media=\"(min-width: 100px)\">\n                <img decoding=\"async\" style=\"\" loading=\"lazy\" class=\"img-1\" src=\"https:\/\/www.lartisien.com\/blog\/wp-content\/uploads\/2023\/10\/SAMOS-TERRACE-1024x683.jpg\" alt=\"\" \/>\n            <\/picture>    <\/div>\r\n        <div class=\"image-container img-2\">\r\n        <picture class=\"img-2\">\n                <source srcset=\"https:\/\/www.lartisien.com\/blog\/wp-content\/uploads\/2023\/10\/103379-root-samos-bar-terrace.jpeg\" media=\"(min-width: 1400px)\">\n                <source srcset=\"https:\/\/www.lartisien.com\/blog\/wp-content\/uploads\/2023\/10\/103379-root-samos-bar-terrace-1536x1025.jpeg\" media=\"(min-width: 1000px)\">\n                <source srcset=\"https:\/\/www.lartisien.com\/blog\/wp-content\/uploads\/2023\/10\/103379-root-samos-bar-terrace-1024x683.jpeg\" media=\"(min-width: 600px)\">\n                <source srcset=\"https:\/\/www.lartisien.com\/blog\/wp-content\/uploads\/2023\/10\/103379-root-samos-bar-terrace-768x512.jpeg\" media=\"(min-width: 100px)\">\n                <img decoding=\"async\" style=\"\" loading=\"lazy\" class=\"img-2\" src=\"https:\/\/www.lartisien.com\/blog\/wp-content\/uploads\/2023\/10\/103379-root-samos-bar-terrace-1024x683.jpeg\" alt=\"\" \/>\n            <\/picture>    <\/div>\r\n    <\/section>\r\n\n\n\n<p>Like the restaurant, the Carlotta Reforma bar offers a breathtaking view of the city and Chapultepec Castle. Inside, there is a fusion of art, design and mixology, and guests are invited to discover unique cocktails in a chic, trendy atmosphere enhanced by dramatic lighting and music played by contemporary DJs.<\/p>\n\n\n\r\n<section class=\"image-grid image-grid-3 sixty-forty-grid\">\r\n        <div class=\"image-container img-1\">\r\n        <picture class=\"img-1\">\n                <source srcset=\"https:\/\/www.lartisien.com\/blog\/wp-content\/uploads\/2023\/10\/Carlota-8-2048x1366.jpg\" media=\"(min-width: 1400px)\">\n                <source srcset=\"https:\/\/www.lartisien.com\/blog\/wp-content\/uploads\/2023\/10\/Carlota-8-1536x1024.jpg\" media=\"(min-width: 1000px)\">\n                <source srcset=\"https:\/\/www.lartisien.com\/blog\/wp-content\/uploads\/2023\/10\/Carlota-8-1024x683.jpg\" media=\"(min-width: 600px)\">\n                <source srcset=\"https:\/\/www.lartisien.com\/blog\/wp-content\/uploads\/2023\/10\/Carlota-8-768x512.jpg\" media=\"(min-width: 100px)\">\n                <img decoding=\"async\" style=\"\" loading=\"lazy\" class=\"img-1\" src=\"https:\/\/www.lartisien.com\/blog\/wp-content\/uploads\/2023\/10\/Carlota-8-1024x683.jpg\" alt=\"\" \/>\n            <\/picture>    <\/div>\r\n        <div class=\"image-container img-2\">\r\n        <picture class=\"img-2\">\n                <source srcset=\"https:\/\/www.lartisien.com\/blog\/wp-content\/uploads\/2023\/10\/Carlota-106-2048x1366.jpg\" media=\"(min-width: 1400px)\">\n                <source srcset=\"https:\/\/www.lartisien.com\/blog\/wp-content\/uploads\/2023\/10\/Carlota-106-1536x1024.jpg\" media=\"(min-width: 1000px)\">\n                <source srcset=\"https:\/\/www.lartisien.com\/blog\/wp-content\/uploads\/2023\/10\/Carlota-106-1024x683.jpg\" media=\"(min-width: 600px)\">\n                <source srcset=\"https:\/\/www.lartisien.com\/blog\/wp-content\/uploads\/2023\/10\/Carlota-106-768x512.jpg\" media=\"(min-width: 100px)\">\n                <img decoding=\"async\" style=\"\" loading=\"lazy\" class=\"img-2\" src=\"https:\/\/www.lartisien.com\/blog\/wp-content\/uploads\/2023\/10\/Carlota-106-1024x683.jpg\" alt=\"\" \/>\n            <\/picture>    <\/div>\r\n        <div class=\"image-container img-3\">\r\n        <picture class=\"img-3\">\n                <source srcset=\"https:\/\/www.lartisien.com\/blog\/wp-content\/uploads\/2023\/10\/Carlotta.Drone_.RafaelLuhrs.jpg\" media=\"(min-width: 1400px)\">\n                <source srcset=\"https:\/\/www.lartisien.com\/blog\/wp-content\/uploads\/2023\/10\/Carlotta.Drone_.RafaelLuhrs-1536x1152.jpg\" media=\"(min-width: 1000px)\">\n                <source srcset=\"https:\/\/www.lartisien.com\/blog\/wp-content\/uploads\/2023\/10\/Carlotta.Drone_.RafaelLuhrs-1024x768.jpg\" media=\"(min-width: 600px)\">\n                <source srcset=\"https:\/\/www.lartisien.com\/blog\/wp-content\/uploads\/2023\/10\/Carlotta.Drone_.RafaelLuhrs-768x576.jpg\" media=\"(min-width: 100px)\">\n                <img decoding=\"async\" style=\"\" loading=\"lazy\" class=\"img-3\" src=\"https:\/\/www.lartisien.com\/blog\/wp-content\/uploads\/2023\/10\/Carlotta.Drone_.RafaelLuhrs-1024x768.jpg\" alt=\"\" \/>\n            <\/picture>    <\/div>\r\n    <\/section>\r\n\n\n\n<p>The spa at The Ritz-Carlton, Mexico City offers a luxurious and soothing atmosphere with its soft tones of beige, grey, blue and white and beautiful materials (natural wood, marble). The sauna, changing rooms and treatment rooms are among the hotel&#8217;s only inward-facing spaces, creating an intimate and relaxing ambience.<\/p>\n\n\n\r\n<section class=\"image-grid image-grid-4 fifty-fifty-grid\">\r\n        <div class=\"image-container img-1\">\r\n        <picture class=\"img-1\">\n                <source srcset=\"https:\/\/www.lartisien.com\/blog\/wp-content\/uploads\/2023\/10\/Spa-Pool.jpg\" media=\"(min-width: 1400px)\">\n                <source srcset=\"https:\/\/www.lartisien.com\/blog\/wp-content\/uploads\/2023\/10\/Spa-Pool-1536x1024.jpg\" media=\"(min-width: 1000px)\">\n                <source srcset=\"https:\/\/www.lartisien.com\/blog\/wp-content\/uploads\/2023\/10\/Spa-Pool-1024x682.jpg\" media=\"(min-width: 600px)\">\n                <source srcset=\"https:\/\/www.lartisien.com\/blog\/wp-content\/uploads\/2023\/10\/Spa-Pool-768x512.jpg\" media=\"(min-width: 100px)\">\n                <img decoding=\"async\" style=\"\" loading=\"lazy\" class=\"img-1\" src=\"https:\/\/www.lartisien.com\/blog\/wp-content\/uploads\/2023\/10\/Spa-Pool-1024x682.jpg\" alt=\"\" \/>\n            <\/picture>    <\/div>\r\n        <div class=\"image-container img-2\">\r\n        <picture class=\"img-2\">\n                <source srcset=\"https:\/\/www.lartisien.com\/blog\/wp-content\/uploads\/2023\/10\/103383-root-spa-couples-suite.jpeg\" media=\"(min-width: 1400px)\">\n                <source srcset=\"https:\/\/www.lartisien.com\/blog\/wp-content\/uploads\/2023\/10\/103383-root-spa-couples-suite-1536x1025.jpeg\" media=\"(min-width: 1000px)\">\n                <source srcset=\"https:\/\/www.lartisien.com\/blog\/wp-content\/uploads\/2023\/10\/103383-root-spa-couples-suite-1024x683.jpeg\" media=\"(min-width: 600px)\">\n                <source srcset=\"https:\/\/www.lartisien.com\/blog\/wp-content\/uploads\/2023\/10\/103383-root-spa-couples-suite-768x512.jpeg\" media=\"(min-width: 100px)\">\n                <img decoding=\"async\" style=\"\" loading=\"lazy\" class=\"img-2\" src=\"https:\/\/www.lartisien.com\/blog\/wp-content\/uploads\/2023\/10\/103383-root-spa-couples-suite-1024x683.jpeg\" alt=\"\" \/>\n            <\/picture>    <\/div>\r\n        <div class=\"image-container img-3\">\r\n        <picture class=\"img-3\">\n                <source srcset=\"https:\/\/www.lartisien.com\/blog\/wp-content\/uploads\/2023\/10\/Spa-Relaxation-Massage.jpg\" media=\"(min-width: 1400px)\">\n                <source srcset=\"https:\/\/www.lartisien.com\/blog\/wp-content\/uploads\/2023\/10\/Spa-Relaxation-Massage-1536x864.jpg\" media=\"(min-width: 1000px)\">\n                <source srcset=\"https:\/\/www.lartisien.com\/blog\/wp-content\/uploads\/2023\/10\/Spa-Relaxation-Massage-1024x576.jpg\" media=\"(min-width: 600px)\">\n                <source srcset=\"https:\/\/www.lartisien.com\/blog\/wp-content\/uploads\/2023\/10\/Spa-Relaxation-Massage-768x432.jpg\" media=\"(min-width: 100px)\">\n                <img decoding=\"async\" style=\"\" loading=\"lazy\" class=\"img-3\" src=\"https:\/\/www.lartisien.com\/blog\/wp-content\/uploads\/2023\/10\/Spa-Relaxation-Massage-1024x576.jpg\" alt=\"\" \/>\n            <\/picture>    <\/div>\r\n        <div class=\"image-container img-4\">\r\n        <picture class=\"img-4\">\n                <source srcset=\"https:\/\/www.lartisien.com\/blog\/wp-content\/uploads\/2023\/10\/POOL.jpg\" media=\"(min-width: 1400px)\">\n                <source srcset=\"https:\/\/www.lartisien.com\/blog\/wp-content\/uploads\/2023\/10\/POOL-1536x1025.jpg\" media=\"(min-width: 1000px)\">\n                <source srcset=\"https:\/\/www.lartisien.com\/blog\/wp-content\/uploads\/2023\/10\/POOL-1024x683.jpg\" media=\"(min-width: 600px)\">\n                <source srcset=\"https:\/\/www.lartisien.com\/blog\/wp-content\/uploads\/2023\/10\/POOL-768x512.jpg\" media=\"(min-width: 100px)\">\n                <img decoding=\"async\" style=\"\" loading=\"lazy\" class=\"img-4\" src=\"https:\/\/www.lartisien.com\/blog\/wp-content\/uploads\/2023\/10\/POOL-1024x683.jpg\" alt=\"\" \/>\n            <\/picture>    <\/div>\r\n    <\/section>\r\n\n\n\n<h2>Frequently asked questions for travel to Mexico City<\/h2>\n\n\n\n<h3>What&#8217;s the best time of year to visit Mexico City?<\/h3>\n\n\n\n<p>The best time to visit Mexico City is from November to February, during the winter season. During this time, the weather is drier, temperatures are more pleasant and days are generally sunny.<\/p>\n\n\n\n<h3>What are the coolest months to visit Mexico City?<\/h3>\n\n\n\n<p>The coolest months in Mexico City correspond to the winter, from November to February. During these months, temperatures drop but remain relatively mild.<\/p>\n\n\n\n<h3>What are the hottest months to visit Mexico City?<\/h3>\n\n\n\n<p>The hottest months in Mexico are generally from May to September. During this time, temperatures can rise considerably, especially in the inland regions and in cities like Mexico City.<\/p>\n\n\n\n<h3>What&#8217;s the best area to stay in Mexico City?<\/h3>\n\n\n\n<p>One of the best areas to stay in Mexico City is Condesa. It&#8217;s a trendy, lively district, offering an ideal balance between urban dynamism and relaxation, with picturesque caf\u00e9s, leafy parks and an artistic ambience.<\/p>\n\n\n\n<h3>What documents do I need to visit Mexico?<\/h3>\n\n\n\n<p>Most travellers don&#8217;t need a visa for tourist stays of less than 180 days. However, it is advisable to check the specific requirements for each nationality before leaving for Mexico and staying in Mexico City.<\/p>\n\n\n\n\n\n<h3>Book a stay with Lartisien<\/h3>\n\n\n\n<p>At Lartisien, we tailor your trip to your aspirations and select each hotel in our collection for its excellence, guaranteeing an exceptional trip. Whether you&#8217;d like to <a href=\"https:\/\/www.lartisien.com\/hotel\/the-ritz-carlton-mexico-city?cur=EUR&amp;occ=a02\" target=\"_blank\" rel=\"noreferrer noopener\">book a stay at The Ritz-Carlton, Mexico City<\/a>, or have us design a Mexico itinerary to suit your interests, please do not hesitate to <a href=\"https:\/\/www.lartisien.com\/contact-us?cur=EUR&amp;fl=en\">contact us<\/a>&nbsp;for more information.<\/p>\n","protected":false},"excerpt":{"rendered":"Mexico City is a brilliant fusion of past and present. There is its ancestral Aztec heritage, which blends with a more contemporary vitality&#8230; a place where ultramodern skyscrapers blend with colonial architecture with disconcerting ease. Indigenous and European influences also give the city a rich, multi-faceted character that can only be fully appreciated through experiences&#8230;","protected":false},"author":11,"featured_media":14819,"comment_status":"open","ping_status":"open","sticky":false,"template":"","format":"standard","meta":{"inline_featured_image":false},"categories":[4],"tags":[],"location":[],"acf":[],"yoast_head":"<!-- This site is optimized with the Yoast SEO plugin v20.0 - https:\/\/yoast.com\/wordpress\/plugins\/seo\/ -->\n<title>A 6-day itinerary to Mexico City | Lartisien<\/title>\n<meta name=\"robots\" content=\"index, follow, max-snippet:-1, max-image-preview:large, max-video-preview:-1\" \/>\n<link rel=\"canonical\" href=\"https:\/\/www.lartisien.com\/blog\/a-6-day-itinerary-to-mexico-city\/\" \/>\n<meta property=\"og:locale\" content=\"en_US\" \/>\n<meta property=\"og:type\" content=\"article\" \/>\n<meta property=\"og:title\" content=\"A 6-day itinerary to Mexico City | Lartisien\" \/>\n<meta property=\"og:description\" content=\"Mexico City is a brilliant fusion of past and present. There is its ancestral Aztec heritage, which blends with a more contemporary vitality&#8230; a place where ultramodern skyscrapers blend with colonial architecture with disconcerting ease. Indigenous and European influences also give the city a rich, multi-faceted character that can only be fully appreciated through experiences...\" \/>\n<meta property=\"og:url\" content=\"https:\/\/www.lartisien.com\/blog\/a-6-day-itinerary-to-mexico-city\/\" \/>\n<meta property=\"og:site_name\" content=\"Lartisien\" \/>\n<meta property=\"article:published_time\" content=\"2023-10-10T10:02:12+00:00\" \/>\n<meta property=\"article:modified_time\" content=\"2023-10-18T14:51:16+00:00\" \/>\n<meta property=\"og:image\" content=\"https:\/\/www.lartisien.com\/blog\/wp-content\/uploads\/2023\/10\/mexico20cover_3-1024x682.jpeg\" \/>\n\t<meta property=\"og:image:width\" content=\"1024\" \/>\n\t<meta property=\"og:image:height\" content=\"682\" \/>\n\t<meta property=\"og:image:type\" content=\"image\/jpeg\" \/>\n<meta name=\"author\" content=\"Adeline Moutier\" \/>\n<meta name=\"twitter:card\" content=\"summary_large_image\" \/>\n<meta name=\"twitter:label1\" content=\"Written by\" \/>\n\t<meta name=\"twitter:data1\" content=\"Adeline Moutier\" \/>\n\t<meta name=\"twitter:label2\" content=\"Est. reading time\" \/>\n\t<meta name=\"twitter:data2\" content=\"14 minutes\" \/>\n<script type=\"application\/ld+json\" class=\"yoast-schema-graph\">{\"@context\":\"https:\/\/schema.org\",\"@graph\":[{\"@type\":\"WebPage\",\"@id\":\"https:\/\/www.lartisien.com\/blog\/a-6-day-itinerary-to-mexico-city\/\",\"url\":\"https:\/\/www.lartisien.com\/blog\/a-6-day-itinerary-to-mexico-city\/\",\"name\":\"A 6-day itinerary to Mexico City | Lartisien\",\"isPartOf\":{\"@id\":\"https:\/\/www.lartisien.com\/blog\/#website\"},\"datePublished\":\"2023-10-10T10:02:12+00:00\",\"dateModified\":\"2023-10-18T14:51:16+00:00\",\"author\":{\"@id\":\"https:\/\/www.lartisien.com\/blog\/#\/schema\/person\/eea1dc3530026fb9630e917b1ae5f94c\"},\"breadcrumb\":{\"@id\":\"https:\/\/www.lartisien.com\/blog\/a-6-day-itinerary-to-mexico-city\/#breadcrumb\"},\"inLanguage\":\"en-US\",\"potentialAction\":[{\"@type\":\"ReadAction\",\"target\":[\"https:\/\/www.lartisien.com\/blog\/a-6-day-itinerary-to-mexico-city\/\"]}]},{\"@type\":\"BreadcrumbList\",\"@id\":\"https:\/\/www.lartisien.com\/blog\/a-6-day-itinerary-to-mexico-city\/#breadcrumb\",\"itemListElement\":[{\"@type\":\"ListItem\",\"position\":1,\"name\":\"Home\",\"item\":\"https:\/\/www.lartisien.com\/blog\/\"},{\"@type\":\"ListItem\",\"position\":2,\"name\":\"A 6-day itinerary to Mexico City\"}]},{\"@type\":\"WebSite\",\"@id\":\"https:\/\/www.lartisien.com\/blog\/#website\",\"url\":\"https:\/\/www.lartisien.com\/blog\/\",\"name\":\"Lartisien\",\"description\":\"Lartisien Blog\",\"potentialAction\":[{\"@type\":\"SearchAction\",\"target\":{\"@type\":\"EntryPoint\",\"urlTemplate\":\"https:\/\/www.lartisien.com\/blog\/?s={search_term_string}\"},\"query-input\":\"required name=search_term_string\"}],\"inLanguage\":\"en-US\"},{\"@type\":\"Person\",\"@id\":\"https:\/\/www.lartisien.com\/blog\/#\/schema\/person\/eea1dc3530026fb9630e917b1ae5f94c\",\"name\":\"Adeline Moutier\",\"image\":{\"@type\":\"ImageObject\",\"inLanguage\":\"en-US\",\"@id\":\"https:\/\/www.lartisien.com\/blog\/#\/schema\/person\/image\/\",\"url\":\"https:\/\/secure.gravatar.com\/avatar\/9596c0a5a002170c4a19fdffc7043e2e?s=96&d=mm&r=g\",\"contentUrl\":\"https:\/\/secure.gravatar.com\/avatar\/9596c0a5a002170c4a19fdffc7043e2e?s=96&d=mm&r=g\",\"caption\":\"Adeline Moutier\"},\"url\":\"https:\/\/www.lartisien.com\/blog\/author\/adeline-moutier\/\"}]}<\/script>\n<!-- \/ Yoast SEO plugin. -->","yoast_head_json":{"title":"A 6-day itinerary to Mexico City | Lartisien","robots":{"index":"index","follow":"follow","max-snippet":"max-snippet:-1","max-image-preview":"max-image-preview:large","max-video-preview":"max-video-preview:-1"},"canonical":"https:\/\/www.lartisien.com\/blog\/a-6-day-itinerary-to-mexico-city\/","og_locale":"en_US","og_type":"article","og_title":"A 6-day itinerary to Mexico City | Lartisien","og_description":"Mexico City is a brilliant fusion of past and present. There is its ancestral Aztec heritage, which blends with a more contemporary vitality&#8230; a place where ultramodern skyscrapers blend with colonial architecture with disconcerting ease. Indigenous and European influences also give the city a rich, multi-faceted character that can only be fully appreciated through experiences...","og_url":"https:\/\/www.lartisien.com\/blog\/a-6-day-itinerary-to-mexico-city\/","og_site_name":"Lartisien","article_published_time":"2023-10-10T10:02:12+00:00","article_modified_time":"2023-10-18T14:51:16+00:00","og_image":[{"width":1024,"height":682,"url":"https:\/\/www.lartisien.com\/blog\/wp-content\/uploads\/2023\/10\/mexico20cover_3-1024x682.jpeg","type":"image\/jpeg"}],"author":"Adeline Moutier","twitter_card":"summary_large_image","twitter_misc":{"Written by":"Adeline Moutier","Est. reading time":"14 minutes"},"schema":{"@context":"https:\/\/schema.org","@graph":[{"@type":"WebPage","@id":"https:\/\/www.lartisien.com\/blog\/a-6-day-itinerary-to-mexico-city\/","url":"https:\/\/www.lartisien.com\/blog\/a-6-day-itinerary-to-mexico-city\/","name":"A 6-day itinerary to Mexico City | Lartisien","isPartOf":{"@id":"https:\/\/www.lartisien.com\/blog\/#website"},"datePublished":"2023-10-10T10:02:12+00:00","dateModified":"2023-10-18T14:51:16+00:00","author":{"@id":"https:\/\/www.lartisien.com\/blog\/#\/schema\/person\/eea1dc3530026fb9630e917b1ae5f94c"},"breadcrumb":{"@id":"https:\/\/www.lartisien.com\/blog\/a-6-day-itinerary-to-mexico-city\/#breadcrumb"},"inLanguage":"en-US","potentialAction":[{"@type":"ReadAction","target":["https:\/\/www.lartisien.com\/blog\/a-6-day-itinerary-to-mexico-city\/"]}]},{"@type":"BreadcrumbList","@id":"https:\/\/www.lartisien.com\/blog\/a-6-day-itinerary-to-mexico-city\/#breadcrumb","itemListElement":[{"@type":"ListItem","position":1,"name":"Home","item":"https:\/\/www.lartisien.com\/blog\/"},{"@type":"ListItem","position":2,"name":"A 6-day itinerary to Mexico City"}]},{"@type":"WebSite","@id":"https:\/\/www.lartisien.com\/blog\/#website","url":"https:\/\/www.lartisien.com\/blog\/","name":"Lartisien","description":"Lartisien Blog","potentialAction":[{"@type":"SearchAction","target":{"@type":"EntryPoint","urlTemplate":"https:\/\/www.lartisien.com\/blog\/?s={search_term_string}"},"query-input":"required name=search_term_string"}],"inLanguage":"en-US"},{"@type":"Person","@id":"https:\/\/www.lartisien.com\/blog\/#\/schema\/person\/eea1dc3530026fb9630e917b1ae5f94c","name":"Adeline Moutier","image":{"@type":"ImageObject","inLanguage":"en-US","@id":"https:\/\/www.lartisien.com\/blog\/#\/schema\/person\/image\/","url":"https:\/\/secure.gravatar.com\/avatar\/9596c0a5a002170c4a19fdffc7043e2e?s=96&d=mm&r=g","contentUrl":"https:\/\/secure.gravatar.com\/avatar\/9596c0a5a002170c4a19fdffc7043e2e?s=96&d=mm&r=g","caption":"Adeline Moutier"},"url":"https:\/\/www.lartisien.com\/blog\/author\/adeline-moutier\/"}]}},"_links":{"self":[{"href":"https:\/\/www.lartisien.com\/blog\/wp-json\/wp\/v2\/posts\/14801"}],"collection":[{"href":"https:\/\/www.lartisien.com\/blog\/wp-json\/wp\/v2\/posts"}],"about":[{"href":"https:\/\/www.lartisien.com\/blog\/wp-json\/wp\/v2\/types\/post"}],"author":[{"embeddable":true,"href":"https:\/\/www.lartisien.com\/blog\/wp-json\/wp\/v2\/users\/11"}],"replies":[{"embeddable":true,"href":"https:\/\/www.lartisien.com\/blog\/wp-json\/wp\/v2\/comments?post=14801"}],"version-history":[{"count":136,"href":"https:\/\/www.lartisien.com\/blog\/wp-json\/wp\/v2\/posts\/14801\/revisions"}],"predecessor-version":[{"id":15084,"href":"https:\/\/www.lartisien.com\/blog\/wp-json\/wp\/v2\/posts\/14801\/revisions\/15084"}],"wp:featuredmedia":[{"embeddable":true,"href":"https:\/\/www.lartisien.com\/blog\/wp-json\/wp\/v2\/media\/14819"}],"wp:attachment":[{"href":"https:\/\/www.lartisien.com\/blog\/wp-json\/wp\/v2\/media?parent=14801"}],"wp:term":[{"taxonomy":"category","embeddable":true,"href":"https:\/\/www.lartisien.com\/blog\/wp-json\/wp\/v2\/categories?post=14801"},{"taxonomy":"post_tag","embeddable":true,"href":"https:\/\/www.lartisien.com\/blog\/wp-json\/wp\/v2\/tags?post=14801"},{"taxonomy":"location","embeddable":true,"href":"https:\/\/www.lartisien.com\/blog\/wp-json\/wp\/v2\/location?post=14801"}],"curies":[{"name":"wp","href":"https:\/\/api.w.org\/{rel}","templated":true}]}}